{"id":10164,"date":"2020-09-11T00:01:43","date_gmt":"2020-09-10T23:01:43","guid":{"rendered":"http:\/\/diocese-aveiro.pt\/cultura\/?p=10164"},"modified":"2020-08-28T00:10:24","modified_gmt":"2020-08-27T23:10:24","slug":"textos-judaicos-tardios-sefer-raziel-hamalak-livro-do-anjo-raziel","status":"publish","type":"post","link":"https:\/\/diocese-aveiro.pt\/cultura\/textos-judaicos-tardios-sefer-raziel-hamalak-livro-do-anjo-raziel\/","title":{"rendered":"Textos Judaicos Tardios | Sefer Raziel HaMalak [Livro do anjo Raziel]"},"content":{"rendered":"<p style=\"text-align: right;\">TEXTOS JUDAICOS TARDIOS<\/p>\n<p style=\"text-align: center;\">Investiga\u00e7\u00e3o e tradu\u00e7\u00e3o:<strong> Pe. J\u00falio Franclim do Couto e Pacheco<\/strong><\/p>\n<p>Leia, aqui, <a href=\"https:\/\/pt.calameo.com\/read\/0055056159bb29bf72977\" target=\"_blank\" rel=\"noopener noreferrer\">Sefer Raziel HaMalak\u00a0<\/a><\/p>\n<hr \/>\n<p style=\"text-align: center;\">Sefer Raziel HaMalak \u2212 o Livro do anjo Raziel \u2212 ou simplemente Sefer Raziel \u00e9<br \/>\num livro do misticismo judeu atribu\u00eddo ao arcanjo Raziel.<\/p>\n<p style=\"text-align: center;\">O livro desapareceu do conhecimento p\u00fablico no s\u00e9c. XI d.C., sendo mencionado<br \/>\nna \u00abEspada de Mois\u00e9s\u00bb, um manuscrito do s\u00e9c. XIII ou XIV, reaparecendo<br \/>\nnuma edi\u00e7\u00e3o em italiano no s\u00e9c. XV. Posteriormente realizou-se uma edi\u00e7\u00e3o em<br \/>\nhebraico atribu\u00edda a Eleazar Judah de Worms, conhecido rabino (tamb\u00e9m chamado<br \/>\nR. Eleazar ben Judah ben Kalonymus de Wurms).<br \/>\nA edi\u00e7\u00e3o mais conhecida deste livro publicou-se em Amesterd\u00e3o em 1701. Sup\u00f5e-<br \/>\nse que o livro pode ter sido reeditado por Isaac \u00abo Cego\u00bb, de Eleazar de Worms<br \/>\nou de Abraham ben Samuel de Abulafia. [<strong>continua no anexo<\/strong>]<\/p>\n","protected":false},"excerpt":{"rendered":"<p>TEXTOS JUDAICOS TARDIOS<\/p>\n","protected":false},"author":1,"featured_media":10165,"comment_status":"closed","ping_status":"closed","sticky":false,"template":"","format":"standard","meta":{"footnotes":""},"categories":[54,159],"tags":[],"class_list":["post-10164","post","type-post","status-publish","format-standard","has-post-thumbnail","hentry","category-pe-julio-franclim-do-couto-e-pacheco","category-textos-judaicos-tardios"],"_links":{"self":[{"href":"https:\/\/diocese-aveiro.pt\/cultura\/wp-json\/wp\/v2\/posts\/10164","targetHints":{"allow":["GET"]}}],"collection":[{"href":"https:\/\/diocese-aveiro.pt\/cultura\/wp-json\/wp\/v2\/posts"}],"about":[{"href":"https:\/\/diocese-aveiro.pt\/cultura\/wp-json\/wp\/v2\/types\/post"}],"author":[{"embeddable":true,"href":"https:\/\/diocese-aveiro.pt\/cultura\/wp-json\/wp\/v2\/users\/1"}],"replies":[{"embeddable":true,"href":"https:\/\/diocese-aveiro.pt\/cultura\/wp-json\/wp\/v2\/comments?post=10164"}],"version-history":[{"count":1,"href":"https:\/\/diocese-aveiro.pt\/cultura\/wp-json\/wp\/v2\/posts\/10164\/revisions"}],"predecessor-version":[{"id":10166,"href":"https:\/\/diocese-aveiro.pt\/cultura\/wp-json\/wp\/v2\/posts\/10164\/revisions\/10166"}],"wp:featuredmedia":[{"embeddable":true,"href":"https:\/\/diocese-aveiro.pt\/cultura\/wp-json\/wp\/v2\/media\/10165"}],"wp:attachment":[{"href":"https:\/\/diocese-aveiro.pt\/cultura\/wp-json\/wp\/v2\/media?parent=10164"}],"wp:term":[{"taxonomy":"category","embeddable":true,"href":"https:\/\/diocese-aveiro.pt\/cultura\/wp-json\/wp\/v2\/categories?post=10164"},{"taxonomy":"post_tag","embeddable":true,"href":"https:\/\/diocese-aveiro.pt\/cultura\/wp-json\/wp\/v2\/tags?post=10164"}],"curies":[{"name":"wp","href":"https:\/\/api.w.org\/{rel}","templated":true}]}}