{"id":49,"count":25,"description":"DOMINGOS PEIXOTO \u00e9 titular do Curso Superior de Piano, dos Cursos de \u00d3rg\u00e3o dos Conservat\u00f3rios de Lisboa e Lyon e do Curso Superior de \u00d3rg\u00e3o da \u2018Schola Cantorum\u2019 de Paris, enquanto bolseiro da Funda\u00e7\u00e3o Calouste Gulbenkian. Estudou ainda no Centro de Estudos Gregorianos, na Escola C\u00e9sar Franck de Paris e no Instituto Pontif\u00edcio de M\u00fasica sacra, em Roma. Teve, como principais mestres, Antoine Sibertin-Blanc, Louis Robilliard, Jean Langlais e \u00c9douard Souberbielle. Tem ainda os cursos de Licenciatura em Filosofia (Universidade Cat\u00f3lica) e Mestrado em Ci\u00eancias Musicais (Universidade de Coimbra).\r\nLecionou em diversos Conservat\u00f3rios do pa\u00eds; na Universidade de Aveiro (Curso de Licenciatura em Ensino de M\u00fasica) foi o docente respons\u00e1vel pela cadeira de \u00d3rg\u00e3o entre 1994 e 2010.","link":"https:\/\/diocese-aveiro.pt\/cultura\/category\/autores\/domingos-peixoto\/","name":"DOMINGOS PEIXOTO","slug":"domingos-peixoto","taxonomy":"category","parent":46,"meta":[],"_links":{"self":[{"href":"https:\/\/diocese-aveiro.pt\/cultura\/wp-json\/wp\/v2\/categories\/49","targetHints":{"allow":["GET"]}}],"collection":[{"href":"https:\/\/diocese-aveiro.pt\/cultura\/wp-json\/wp\/v2\/categories"}],"about":[{"href":"https:\/\/diocese-aveiro.pt\/cultura\/wp-json\/wp\/v2\/taxonomies\/category"}],"up":[{"embeddable":true,"href":"https:\/\/diocese-aveiro.pt\/cultura\/wp-json\/wp\/v2\/categories\/46"}],"wp:post_type":[{"href":"https:\/\/diocese-aveiro.pt\/cultura\/wp-json\/wp\/v2\/posts?categories=49"}],"curies":[{"name":"wp","href":"https:\/\/api.w.org\/{rel}","templated":true}]}}