{"id":133,"count":72,"description":"'Duas asas' \u00e9 uma rubrica dedicada ao pensamento de Edith Stein. Como recorda Jo\u00e3o Paulo II, na sua enc\u00edclica 'Fides et Ratio', \u00aba f\u00e9 e a raz\u00e3o (fides et ratio) constituem como que as duas asas pelas quais o esp\u00edrito humano se eleva para a contempla\u00e7\u00e3o da verdade.\u00bb \r\nEdith Stein, uma fil\u00f3sofa que se tornou carmelita, congrega na sua vida e no seu pensamento, esta vis\u00e3o pontif\u00edcia que queremos repercutir nesta rubrica dedicada \u00e0 publica\u00e7\u00e3o de excertos de obras suas. \r\nEsta rubrica \u00e9 desenvolvida em parceria com o Carmelo de Cristo Redentor (Aveiro).","link":"https:\/\/diocese-aveiro.pt\/cultura\/category\/olhares-ii\/duas-asas\/","name":"DUAS ASAS","slug":"duas-asas","taxonomy":"category","parent":91,"meta":[],"_links":{"self":[{"href":"https:\/\/diocese-aveiro.pt\/cultura\/wp-json\/wp\/v2\/categories\/133","targetHints":{"allow":["GET"]}}],"collection":[{"href":"https:\/\/diocese-aveiro.pt\/cultura\/wp-json\/wp\/v2\/categories"}],"about":[{"href":"https:\/\/diocese-aveiro.pt\/cultura\/wp-json\/wp\/v2\/taxonomies\/category"}],"up":[{"embeddable":true,"href":"https:\/\/diocese-aveiro.pt\/cultura\/wp-json\/wp\/v2\/categories\/91"}],"wp:post_type":[{"href":"https:\/\/diocese-aveiro.pt\/cultura\/wp-json\/wp\/v2\/posts?categories=133"}],"curies":[{"name":"wp","href":"https:\/\/api.w.org\/{rel}","templated":true}]}}