{"id":113,"count":1,"description":"Sele\u00e7\u00e3o de cita\u00e7\u00f5es de obras representativas da cultura crist\u00e3 ou do di\u00e1logo entre a f\u00e9 e a cultura. \r\nUm contributo para a promo\u00e7\u00e3o do encontro entre a raz\u00e3o e a f\u00e9.\r\n23 [de novembro] \u00e9 o dia internacional do livro, por institui\u00e7\u00e3o da UNESCO. Aludindo a essa data, ser\u00e3o publicadas estas cita\u00e7\u00f5es no dia 23 de cada m\u00eas.","link":"https:\/\/diocese-aveiro.pt\/cultura\/category\/olhares-ii\/as-obras-falam-por-si\/","name":"AS OBRAS FALAM POR SI","slug":"as-obras-falam-por-si","taxonomy":"category","parent":91,"meta":[],"_links":{"self":[{"href":"https:\/\/diocese-aveiro.pt\/cultura\/wp-json\/wp\/v2\/categories\/113","targetHints":{"allow":["GET"]}}],"collection":[{"href":"https:\/\/diocese-aveiro.pt\/cultura\/wp-json\/wp\/v2\/categories"}],"about":[{"href":"https:\/\/diocese-aveiro.pt\/cultura\/wp-json\/wp\/v2\/taxonomies\/category"}],"up":[{"embeddable":true,"href":"https:\/\/diocese-aveiro.pt\/cultura\/wp-json\/wp\/v2\/categories\/91"}],"wp:post_type":[{"href":"https:\/\/diocese-aveiro.pt\/cultura\/wp-json\/wp\/v2\/posts?categories=113"}],"curies":[{"name":"wp","href":"https:\/\/api.w.org\/{rel}","templated":true}]}}