{"id":3389,"date":"2026-02-20T16:27:26","date_gmt":"2026-02-20T16:27:26","guid":{"rendered":"https:\/\/diocese-aveiro.pt\/v3\/?p=3389"},"modified":"2026-02-20T16:27:26","modified_gmt":"2026-02-20T16:27:26","slug":"minimos-ja-estao-na-diocese-de-aveiro","status":"publish","type":"post","link":"http:\/\/diocese-aveiro.pt\/v3\/2026\/02\/20\/minimos-ja-estao-na-diocese-de-aveiro\/","title":{"rendered":"M\u00ednimos j\u00e1 est\u00e3o na diocese de Aveiro"},"content":{"rendered":"\n<p>Um sacerdote e um mission\u00e1rio da Ordem dos M\u00ednimos de S\u00e3o Francisco de Paula ser\u00e3o apresentados \u00e0 nossa diocese no pr\u00f3ximo domingo, na eucaristia das 19h00, na S\u00e9 de Aveiro.<\/p>\n\n\n\n<p>Esta quarta-feira tiveram um encontro com os sacerdotes da nossa diocese na Recole\u00e7\u00e3o do clero. Na quinta-feira D. Ant\u00f3nio Moiteiro celebrou eucaristia na resid\u00eancia que os acolhe, em Santo Andr\u00e9 de Vagos, ficando o Sant\u00edssimo no orat\u00f3rio da comunidade.<\/p>\n\n\n\n<p>&#8220;A Ordem dos M\u00ednimos \u00e9 fruto da vida penitente e alegre de S\u00e3o Francisco de Paula, que com seu estilo de vida atraiu a si mesmos, todos aqueles que desejassem, serviriam a Deus com simplicidade de cora\u00e7\u00e3o e na renova\u00e7\u00e3o cont\u00ednua das suas vidas.&#8221;<\/p>\n\n\n\n<p>Neste site encontra mais informa\u00e7\u00f5es:<a href=\"https:\/\/www.ordinedeiminimi.it\/\" target=\"_blank\" rel=\"noreferrer noopener\"> www.ordinedeiminimi.it<\/a><\/p>\n","protected":false},"excerpt":{"rendered":"<p>Um sacerdote e um mission\u00e1rio da Ordem dos M\u00ednimos de S\u00e3o Francisco de Paula ser\u00e3o apresentados \u00e0 nossa diocese no pr\u00f3ximo domingo, na eucaristia das 19h00, na S\u00e9 de Aveiro. Esta quarta-feira tiveram um encontro com os sacerdotes da nossa diocese na Recole\u00e7\u00e3o do clero. Na quinta-feira D. Ant\u00f3nio Moiteiro celebrou eucaristia na resid\u00eancia que os acolhe, em Santo Andr\u00e9 [&hellip;]<\/p>\n","protected":false},"author":1,"featured_media":3390,"comment_status":"open","ping_status":"open","sticky":false,"template":"","format":"standard","meta":{"pagelayer_contact_templates":[],"_pagelayer_content":"","footnotes":""},"categories":[13,38,11],"tags":[],"class_list":["post-3389","post","type-post","status-publish","format-standard","has-post-thumbnail","hentry","category-clero","category-destaque","category-noticias"],"_links":{"self":[{"href":"http:\/\/diocese-aveiro.pt\/v3\/wp-json\/wp\/v2\/posts\/3389","targetHints":{"allow":["GET"]}}],"collection":[{"href":"http:\/\/diocese-aveiro.pt\/v3\/wp-json\/wp\/v2\/posts"}],"about":[{"href":"http:\/\/diocese-aveiro.pt\/v3\/wp-json\/wp\/v2\/types\/post"}],"author":[{"embeddable":true,"href":"http:\/\/diocese-aveiro.pt\/v3\/wp-json\/wp\/v2\/users\/1"}],"replies":[{"embeddable":true,"href":"http:\/\/diocese-aveiro.pt\/v3\/wp-json\/wp\/v2\/comments?post=3389"}],"version-history":[{"count":1,"href":"http:\/\/diocese-aveiro.pt\/v3\/wp-json\/wp\/v2\/posts\/3389\/revisions"}],"predecessor-version":[{"id":3391,"href":"http:\/\/diocese-aveiro.pt\/v3\/wp-json\/wp\/v2\/posts\/3389\/revisions\/3391"}],"wp:featuredmedia":[{"embeddable":true,"href":"http:\/\/diocese-aveiro.pt\/v3\/wp-json\/wp\/v2\/media\/3390"}],"wp:attachment":[{"href":"http:\/\/diocese-aveiro.pt\/v3\/wp-json\/wp\/v2\/media?parent=3389"}],"wp:term":[{"taxonomy":"category","embeddable":true,"href":"http:\/\/diocese-aveiro.pt\/v3\/wp-json\/wp\/v2\/categories?post=3389"},{"taxonomy":"post_tag","embeddable":true,"href":"http:\/\/diocese-aveiro.pt\/v3\/wp-json\/wp\/v2\/tags?post=3389"}],"curies":[{"name":"wp","href":"https:\/\/api.w.org\/{rel}","templated":true}]}}