{"id":3374,"date":"2026-02-12T10:18:58","date_gmt":"2026-02-12T10:18:58","guid":{"rendered":"https:\/\/diocese-aveiro.pt\/v3\/?p=3374"},"modified":"2026-02-12T10:18:58","modified_gmt":"2026-02-12T10:18:58","slug":"das-cinzas-a-ressurreicao-mensagem-da-quaresma-2026","status":"publish","type":"post","link":"http:\/\/diocese-aveiro.pt\/v3\/2026\/02\/12\/das-cinzas-a-ressurreicao-mensagem-da-quaresma-2026\/","title":{"rendered":"Das cinzas \u00e0 ressurrei\u00e7\u00e3o &#8211; Mensagem da Quaresma 2026"},"content":{"rendered":"\n<p>A Quaresma \u00e9 um tempo de escuta e medita\u00e7\u00e3o da Palavra de Deus para que a renova\u00e7\u00e3o pessoal e comunit\u00e1ria aconte\u00e7a no cora\u00e7\u00e3o das nossas comunidades, com repercuss\u00f5es na vida social e eclesial.<\/p>\n\n\n\n<p>A voca\u00e7\u00e3o de cada pessoa e da sociedade no seu todo deve cultivar uma ordem social baseada em valores assentes na verdade, na justi\u00e7a, na responsabilidade m\u00fatua, na compaix\u00e3o e no amor aos outros. S\u00f3 desta maneira seremos capazes de enfrentar com honestidade e urg\u00eancia as amea\u00e7as e preocupa\u00e7\u00f5es que v\u00e3o surgindo no dia-a-dia para construirmos um mundo mais justo, mais equitativo e pac\u00edfico para todas as pessoas e para toda a cria\u00e7\u00e3o.<\/p>\n\n\n\n<p>A liturgia quaresmal deste ano prop\u00f5e a leitura dos evangelhos catecumenais \u2013 a samaritana, o cego de nascen\u00e7a e a ressurrei\u00e7\u00e3o de L\u00e1zaro \u2013 que s\u00e3o essenciais na prepara\u00e7\u00e3o pr\u00f3xima dos catec\u00famenos para a celebra\u00e7\u00e3o dos sacramentos da inicia\u00e7\u00e3o crist\u00e3, mas tamb\u00e9m para todos os batizados renovarem o seu v\u00ednculo com Cristo e com a Igreja, a fim de todos fazermos a passagem (P\u00e1scoa) das cinzas para a ressurrei\u00e7\u00e3o, isto \u00e9, da morte para a vida.<\/p>\n\n\n\n<p>A Samaritana, depois de se encontrar com Jesus junto do po\u00e7o de Jacob, deixa o c\u00e2ntaro para ir ao encontro dos seus compatriotas a anunciar-lhes o Messias. A \u00e1gua nova que encontrou quer d\u00e1-la a beber aos samaritanos. Os seus amigos e vizinhos tamb\u00e9m se encontrar\u00e3o pessoalmente com Jesus e beber\u00e3o da \u00e1gua nova que Ele tem para nos dar.<\/p>\n\n\n\n<p>O cego ao ser expulso da sinagoga, sente-se livre para aceitar Jesus, que vem ao seu encontro. Jesus pergunta-lhe: <em>\u201cTu cr\u00eas no Filho do Homem?\u201d<\/em> A luz recebida nos seus olhos leva-o a aceitar a luz da f\u00e9, e, desta forma, estabeleceu-se uma rela\u00e7\u00e3o interpessoal, que \u00e9 fundamentalmente a f\u00e9. Os dirigentes do povo, apesar do seu sistema doutrinal, n\u00e3o abra\u00e7am a f\u00e9, que \u00e9 sempre fruto de um encontro pessoal do homem com Deus.<\/p>\n\n\n\n<p>Perante a morte de L\u00e1zaro, por quem a comunidade chora, representada pelas suas irm\u00e3s, Marta e Maria, Jesus, movido pelos seus sentimentos, dirige-se ao sepulcro. Apesar da pedra que est\u00e1 colocada \u00e0 entrada, vai mostrar-se vencedor da morte. Nesta situa\u00e7\u00e3o limite \u00e9 necess\u00e1ria a f\u00e9; s\u00f3 com ela se pode vislumbrar a gl\u00f3ria de Deus. Crer \u00e9 aceitar Jesus, que se manifesta como ressurrei\u00e7\u00e3o e vida. O morto saiu do sepulcro; as apar\u00eancias s\u00e3o de morte: atado com as ligaduras e coberto com o len\u00e7ol; mas a realidade \u00e9 de vida: sai pelo seu pr\u00f3prio p\u00e9. Aqueles que o ataram agora t\u00eam de o desatar. Mais ainda, n\u00e3o devem ret\u00ea-lo, mas deix\u00e1-lo caminhar; eles s\u00e3o comunidade de morte, e L\u00e1zaro, com a sua ressurrei\u00e7\u00e3o, converteu-se em sinal de vida nova.<\/p>\n\n\n\n<p>Ao percorrermos o caminho quaresmal que nos conduz \u00e0 P\u00e1scoa, recordamos que Jesus \u00ab<em>rebaixou-se a si mesmo, tornando-se obediente at\u00e9 \u00e0 morte e morte de cruz<\/em>\u00bb (<em>Flp <\/em>2,8). Neste tempo de convers\u00e3o, renovamos a nossa f\u00e9, obtemos a \u201c\u00e1gua-viva\u201d da esperan\u00e7a e recebemos com o cora\u00e7\u00e3o aberto o amor de Deus que nos transforma em irm\u00e3os e irm\u00e3s em Cristo. Na noite de P\u00e1scoa, renovaremos as promessas do nosso Batismo, para renascermos como mulheres e homens novos por obra e gra\u00e7a do Esp\u00edrito Santo. O itiner\u00e1rio da Quaresma, como ali\u00e1s todo o caminho crist\u00e3o, est\u00e1 inteiramente sob a luz da ressurrei\u00e7\u00e3o que anima os sentimentos, atitudes e op\u00e7\u00f5es de quem deseja seguir a Cristo.<\/p>\n\n\n\n<p>Propostas para a nossa caminhada quaresmal:<\/p>\n\n\n\n<p>1\u00ba <strong>Palavra de Deus e ora\u00e7\u00e3o<\/strong>. A vida crist\u00e3 alimenta-se na fonte da Palavra de Deus, onde a ora\u00e7\u00e3o vai beber. Proponho que nesta Quaresma haja um maior aprofundamento do evangelho de Mateus, o evangelista deste ano lit\u00fargico. Que todos os dias se dedique um tempo concreto para a leitura sossegada da Palavra de Deus.<\/p>\n\n\n\n<p>2\u00ba <strong>Sil\u00eancio<\/strong>. Estamos num mundo de ru\u00eddos, liga\u00e7\u00f5es via internet, de uso intensivo dos novos meios de comunica\u00e7\u00e3o social, muitas vezes sem crit\u00e9rios de verdade, e de tantas outras formas de nos comunicarmos que nos impedem ter uma vida tranquila e sossegada. O sil\u00eancio n\u00e3o \u00e9 apenas aus\u00eancia de ru\u00eddo, mas de encontro consigo mesmo. Na ora\u00e7\u00e3o silenciosa, a esperan\u00e7a \u00e9-nos dada como luz interior, e \u00e9 fundamental recolher-se para rezar (cf. <em>Mt <\/em>6, 6) e encontrar, no sil\u00eancio, o amor de Deus.<\/p>\n\n\n\n<p>3\u00ba <strong>Jejum e partilha<\/strong>. Ao fazer a experi\u00eancia duma pobreza assumida, quem jejua faz-se pobre com os pobres e acumula a riqueza do amor recebido e partilhado. Como nos diz a enc\u00edclica <em>Fratelli Tutti<\/em>, citando S. Tom\u00e1s de Aquino, \u201co amor \u00e9 um movimento que centra a minha aten\u00e7\u00e3o no outro, considerando-o como um s\u00f3 comigo mesmo\u201d (<em>FT<\/em> 93). O compromisso com os mais pobres passa pela partilha de bens e pelo envolvimento em a\u00e7\u00f5es que promovam a justi\u00e7a, o respeito pela cria\u00e7\u00e3o, a equidade na distribui\u00e7\u00e3o da riqueza produzida e no acolhimento a todos os que nos procuram na esperan\u00e7a de melhores condi\u00e7\u00f5es de vida.<\/p>\n\n\n\n<p>4\u00ba A <strong>Ren\u00fancia quaresmal<\/strong>, este ano, \u00e9 destinada a ajudar as popula\u00e7\u00f5es deslocadas do Sud\u00e3o e as institui\u00e7\u00f5es que na nossa diocese de Aveiro trabalham e apoiam as v\u00edtimas de viol\u00eancia dom\u00e9stica.<\/p>\n\n\n\n<p>Ponhamo-nos a caminho, pois s\u00f3 aquele que caminha ser\u00e1 salvo, porque Jesus ressuscitado vem ao nosso encontro na for\u00e7a da palavra, na vida das comunidades e no partir do p\u00e3o.<\/p>\n\n\n\n<p class=\"has-text-align-center\">Aveiro, 18 de fevereiro de 2026 \u2013 Quarta-Feira de Cinzas.<\/p>\n\n\n\n<p class=\"has-text-align-center\"><em>\u2020 <\/em>Ant\u00f3nio Manuel Moiteiro Ramos, Bispo de Aveiro.<\/p>\n","protected":false},"excerpt":{"rendered":"<p>A Quaresma \u00e9 um tempo de escuta e medita\u00e7\u00e3o da Palavra de Deus para que a renova\u00e7\u00e3o pessoal e comunit\u00e1ria aconte\u00e7a no cora\u00e7\u00e3o das nossas comunidades, com repercuss\u00f5es na vida social e eclesial. A voca\u00e7\u00e3o de cada pessoa e da sociedade no seu todo deve cultivar uma ordem social baseada em valores assentes na verdade, na justi\u00e7a, na responsabilidade m\u00fatua, [&hellip;]<\/p>\n","protected":false},"author":1,"featured_media":3375,"comment_status":"open","ping_status":"open","sticky":false,"template":"","format":"standard","meta":{"pagelayer_contact_templates":[],"_pagelayer_content":"","footnotes":""},"categories":[38,42,11],"tags":[],"class_list":["post-3374","post","type-post","status-publish","format-standard","has-post-thumbnail","hentry","category-destaque","category-mensagem","category-noticias"],"_links":{"self":[{"href":"http:\/\/diocese-aveiro.pt\/v3\/wp-json\/wp\/v2\/posts\/3374","targetHints":{"allow":["GET"]}}],"collection":[{"href":"http:\/\/diocese-aveiro.pt\/v3\/wp-json\/wp\/v2\/posts"}],"about":[{"href":"http:\/\/diocese-aveiro.pt\/v3\/wp-json\/wp\/v2\/types\/post"}],"author":[{"embeddable":true,"href":"http:\/\/diocese-aveiro.pt\/v3\/wp-json\/wp\/v2\/users\/1"}],"replies":[{"embeddable":true,"href":"http:\/\/diocese-aveiro.pt\/v3\/wp-json\/wp\/v2\/comments?post=3374"}],"version-history":[{"count":1,"href":"http:\/\/diocese-aveiro.pt\/v3\/wp-json\/wp\/v2\/posts\/3374\/revisions"}],"predecessor-version":[{"id":3376,"href":"http:\/\/diocese-aveiro.pt\/v3\/wp-json\/wp\/v2\/posts\/3374\/revisions\/3376"}],"wp:featuredmedia":[{"embeddable":true,"href":"http:\/\/diocese-aveiro.pt\/v3\/wp-json\/wp\/v2\/media\/3375"}],"wp:attachment":[{"href":"http:\/\/diocese-aveiro.pt\/v3\/wp-json\/wp\/v2\/media?parent=3374"}],"wp:term":[{"taxonomy":"category","embeddable":true,"href":"http:\/\/diocese-aveiro.pt\/v3\/wp-json\/wp\/v2\/categories?post=3374"},{"taxonomy":"post_tag","embeddable":true,"href":"http:\/\/diocese-aveiro.pt\/v3\/wp-json\/wp\/v2\/tags?post=3374"}],"curies":[{"name":"wp","href":"https:\/\/api.w.org\/{rel}","templated":true}]}}