{"id":3343,"date":"2026-02-03T11:31:31","date_gmt":"2026-02-03T11:31:31","guid":{"rendered":"https:\/\/diocese-aveiro.pt\/v3\/?p=3343"},"modified":"2026-02-03T11:31:31","modified_gmt":"2026-02-03T11:31:31","slug":"faleceu-o-diacono-jose-cardoso-de-abreu","status":"publish","type":"post","link":"http:\/\/diocese-aveiro.pt\/v3\/2026\/02\/03\/faleceu-o-diacono-jose-cardoso-de-abreu\/","title":{"rendered":"Faleceu o Di\u00e1cono Jos\u00e9 Cardoso de Abreu"},"content":{"rendered":"\n<p>O Di\u00e1cono Jos\u00e9 Cardoso de Abreu, natural de Fragosela de Cima [Viseu], residia em Esgueira.<\/p>\n\n\n\n<p>Ordenado a 11 de julho de 1999, na S\u00e9 de Aveiro, por D. Ant\u00f3nio Baltasar Marcelino foi colaborador do p\u00e1roco de Esgueira [desde 02\/10\/1999]<\/p>\n\n\n\n<p class=\"has-text-align-center\">O seu funeral ter\u00e1 lugar amanh\u00e3, quarta-feira 04 de fevereiro, \u00e0s 15h30, na Igreja Matriz de Esgueira.<\/p>\n\n\n\n<p><\/p>\n","protected":false},"excerpt":{"rendered":"<p>O Di\u00e1cono Jos\u00e9 Cardoso de Abreu, natural de Fragosela de Cima [Viseu], residia em Esgueira. Ordenado a 11 de julho de 1999, na S\u00e9 de Aveiro, por D. Ant\u00f3nio Baltasar Marcelino foi colaborador do p\u00e1roco de Esgueira [desde 02\/10\/1999] O seu funeral ter\u00e1 lugar amanh\u00e3, quarta-feira 04 de fevereiro, \u00e0s 15h30, na Igreja Matriz de Esgueira.<\/p>\n","protected":false},"author":1,"featured_media":3344,"comment_status":"open","ping_status":"open","sticky":false,"template":"","format":"standard","meta":{"pagelayer_contact_templates":[],"_pagelayer_content":"","footnotes":""},"categories":[13,11],"tags":[],"class_list":["post-3343","post","type-post","status-publish","format-standard","has-post-thumbnail","hentry","category-clero","category-noticias"],"_links":{"self":[{"href":"http:\/\/diocese-aveiro.pt\/v3\/wp-json\/wp\/v2\/posts\/3343","targetHints":{"allow":["GET"]}}],"collection":[{"href":"http:\/\/diocese-aveiro.pt\/v3\/wp-json\/wp\/v2\/posts"}],"about":[{"href":"http:\/\/diocese-aveiro.pt\/v3\/wp-json\/wp\/v2\/types\/post"}],"author":[{"embeddable":true,"href":"http:\/\/diocese-aveiro.pt\/v3\/wp-json\/wp\/v2\/users\/1"}],"replies":[{"embeddable":true,"href":"http:\/\/diocese-aveiro.pt\/v3\/wp-json\/wp\/v2\/comments?post=3343"}],"version-history":[{"count":1,"href":"http:\/\/diocese-aveiro.pt\/v3\/wp-json\/wp\/v2\/posts\/3343\/revisions"}],"predecessor-version":[{"id":3345,"href":"http:\/\/diocese-aveiro.pt\/v3\/wp-json\/wp\/v2\/posts\/3343\/revisions\/3345"}],"wp:featuredmedia":[{"embeddable":true,"href":"http:\/\/diocese-aveiro.pt\/v3\/wp-json\/wp\/v2\/media\/3344"}],"wp:attachment":[{"href":"http:\/\/diocese-aveiro.pt\/v3\/wp-json\/wp\/v2\/media?parent=3343"}],"wp:term":[{"taxonomy":"category","embeddable":true,"href":"http:\/\/diocese-aveiro.pt\/v3\/wp-json\/wp\/v2\/categories?post=3343"},{"taxonomy":"post_tag","embeddable":true,"href":"http:\/\/diocese-aveiro.pt\/v3\/wp-json\/wp\/v2\/tags?post=3343"}],"curies":[{"name":"wp","href":"https:\/\/api.w.org\/{rel}","templated":true}]}}