{"id":3314,"date":"2026-01-12T16:02:00","date_gmt":"2026-01-12T16:02:00","guid":{"rendered":"https:\/\/diocese-aveiro.pt\/v3\/?p=3314"},"modified":"2026-01-12T16:02:00","modified_gmt":"2026-01-12T16:02:00","slug":"memoria-agradecida-padre-julio-franclim","status":"publish","type":"post","link":"http:\/\/diocese-aveiro.pt\/v3\/2026\/01\/12\/memoria-agradecida-padre-julio-franclim\/","title":{"rendered":"Mem\u00f3ria Agradecida &#8211; Padre J\u00falio Franclim"},"content":{"rendered":"\n<p>A Comunidade Paroquial de S\u00e3o Tom\u00e9 de Canelas recordar\u00e1 na Eucaristia do pr\u00f3ximo domingo, dia 18 de Janeiro, a Mem\u00f3ria Agradecida daquele que foi o Pastor desta Comunidade durante, aproximadamente, 30 anos, recordando a sua Pessoa, as b\u00ean\u00e7\u00e3os recebidas, os momentos vividos, o seu trabalho e inteira dedica\u00e7\u00e3o.<br>O convite estende-se a todos quantos queiram tomar parte deste momento!<\/p>\n\n\n\n<p>O padre Franclim falecido a 18 de janeiro de 2022 era natural de Oliveira do Douro, Diocese do Porto, onde nasceu a 3 de maio de 1953. Iniciou o seu percurso como seminarista em 1963 no Semin\u00e1rio de Calv\u00e3o. De 1965 a 1970 frequentou o Semin\u00e1rio de Santa Joana, de 1970 a 1971 a Faculdade de Teologia em Lisboa e de 1971 a 1976 o Instituto de Ci\u00eancias Humanas e Teol\u00f3gicas, no Porto.<br>O Padre Franclim, foi ordenado por D. Manuel de Almeida Trindade a 6 de mar\u00e7o de 1977 na Igreja Paroquial de Bedu\u00eddo, onde iniciou, em 1975, o seu est\u00e1gio pastoral.<br>Doutorado em Teologia, especializa\u00e7\u00e3o b\u00edblica, pela Pontif\u00edcia Universidade Gregoriana de Roma, acumulou o servi\u00e7o pastoral com o ensino da Sagrada Escritura no Instituto Superior de Estudos Teol\u00f3gicos de Coimbra, no Instituto Superior de Ci\u00eancias Religiosas de Aveiro, e atualmente lecionava na Escola de Teologia e Minist\u00e9rios de Coimbra e no Centro de Forma\u00e7\u00e3o D. Ant\u00f3nio Marcelino.<\/p>\n","protected":false},"excerpt":{"rendered":"<p>A Comunidade Paroquial de S\u00e3o Tom\u00e9 de Canelas recordar\u00e1 na Eucaristia do pr\u00f3ximo domingo, dia 18 de Janeiro, a Mem\u00f3ria Agradecida daquele que foi o Pastor desta Comunidade durante, aproximadamente, 30 anos, recordando a sua Pessoa, as b\u00ean\u00e7\u00e3os recebidas, os momentos vividos, o seu trabalho e inteira dedica\u00e7\u00e3o.O convite estende-se a todos quantos queiram tomar parte deste momento! O padre [&hellip;]<\/p>\n","protected":false},"author":1,"featured_media":3315,"comment_status":"open","ping_status":"open","sticky":false,"template":"","format":"standard","meta":{"pagelayer_contact_templates":[],"_pagelayer_content":"","footnotes":""},"categories":[13,11,20],"tags":[],"class_list":["post-3314","post","type-post","status-publish","format-standard","has-post-thumbnail","hentry","category-clero","category-noticias","category-paroquias"],"_links":{"self":[{"href":"http:\/\/diocese-aveiro.pt\/v3\/wp-json\/wp\/v2\/posts\/3314","targetHints":{"allow":["GET"]}}],"collection":[{"href":"http:\/\/diocese-aveiro.pt\/v3\/wp-json\/wp\/v2\/posts"}],"about":[{"href":"http:\/\/diocese-aveiro.pt\/v3\/wp-json\/wp\/v2\/types\/post"}],"author":[{"embeddable":true,"href":"http:\/\/diocese-aveiro.pt\/v3\/wp-json\/wp\/v2\/users\/1"}],"replies":[{"embeddable":true,"href":"http:\/\/diocese-aveiro.pt\/v3\/wp-json\/wp\/v2\/comments?post=3314"}],"version-history":[{"count":1,"href":"http:\/\/diocese-aveiro.pt\/v3\/wp-json\/wp\/v2\/posts\/3314\/revisions"}],"predecessor-version":[{"id":3316,"href":"http:\/\/diocese-aveiro.pt\/v3\/wp-json\/wp\/v2\/posts\/3314\/revisions\/3316"}],"wp:featuredmedia":[{"embeddable":true,"href":"http:\/\/diocese-aveiro.pt\/v3\/wp-json\/wp\/v2\/media\/3315"}],"wp:attachment":[{"href":"http:\/\/diocese-aveiro.pt\/v3\/wp-json\/wp\/v2\/media?parent=3314"}],"wp:term":[{"taxonomy":"category","embeddable":true,"href":"http:\/\/diocese-aveiro.pt\/v3\/wp-json\/wp\/v2\/categories?post=3314"},{"taxonomy":"post_tag","embeddable":true,"href":"http:\/\/diocese-aveiro.pt\/v3\/wp-json\/wp\/v2\/tags?post=3314"}],"curies":[{"name":"wp","href":"https:\/\/api.w.org\/{rel}","templated":true}]}}