{"id":3251,"date":"2025-11-10T10:19:44","date_gmt":"2025-11-10T10:19:44","guid":{"rendered":"https:\/\/diocese-aveiro.pt\/v3\/?p=3251"},"modified":"2025-11-10T10:19:44","modified_gmt":"2025-11-10T10:19:44","slug":"nomeacoes-para-os-secretariados-diocesanos-de-pastoral","status":"publish","type":"post","link":"http:\/\/diocese-aveiro.pt\/v3\/2025\/11\/10\/nomeacoes-para-os-secretariados-diocesanos-de-pastoral\/","title":{"rendered":"NOMEA\u00c7\u00d5ES PARA OS SECRETARIADOS DIOCESANOS DE PASTORAL"},"content":{"rendered":"\n<p>A Igreja s\u00f3 se compreende na corresponsabilidade ministerial, quando cada um se sente ao servi\u00e7o dos outros. A participa\u00e7\u00e3o de todos exige empenho e dedica\u00e7\u00e3o no caminho que estamos a trilhar de implementar as comunidades pastorais em toda a Diocese. Sonhamos com comunidades crist\u00e3s que coloquem Cristo ressuscitado no centro da sua vida, vivam a comunh\u00e3o como o sinal vis\u00edvel dessa presen\u00e7a e formem disc\u00edpulos mission\u00e1rios que saibam dar raz\u00f5es da sua f\u00e9.<\/p>\n\n\n\n<p><em>Ap\u00f3s ter ouvido algumas inst\u00e2ncias diocesanas e em di\u00e1logo com todos os nomeados, procedemos \u00e0s seguintes nomea\u00e7\u00f5es:<\/em><\/p>\n\n\n\n<p><strong>I<\/strong><\/p>\n\n\n\n<p><strong>Secretariado Diocesano da Educa\u00e7\u00e3o Crist\u00e3<\/strong><\/p>\n\n\n\n<p>Diretor: S\u00e9rgio Manuel de Jesus Martins<\/p>\n\n\n\n<p><strong>Departamento da Catequese da Inf\u00e2ncia e Adolesc\u00eancia<\/strong><\/p>\n\n\n\n<p>Elisabete Maria Silva Nunes<\/p>\n\n\n\n<p>Assistente Espiritual: P. Pedro Rafael Ara\u00fajo Oliveira<\/p>\n\n\n\n<p><strong>Departamento da Pastoral da Juventude<\/strong><\/p>\n\n\n\n<p>Tiago Filipe Santos<\/p>\n\n\n\n<p>Assistente Espiritual: P. Leonel Santiago Abrantes<\/p>\n\n\n\n<p><strong>Departamento da Pastoral dos Adultos<\/strong><\/p>\n\n\n\n<p>P. Fernando Lacerda Ferros<\/p>\n\n\n\n<p><strong>Departamento da Pastoral nas Escolas<\/strong><\/p>\n\n\n\n<p>S\u00e9rgio Manuel de Jesus Martins<\/p>\n\n\n\n<p><strong>II<\/strong><\/p>\n\n\n\n<p><strong>Secretariado Diocesano da Pastoral Familiar<\/strong><\/p>\n\n\n\n<p>Carlos Manuel Sim\u00f5es Ferro e Maria Isabel Campos Sim\u00f5es<\/p>\n\n\n\n<p>Bruno Rafael Negruni e Kelly Sarmento Negruni<\/p>\n\n\n\n<p>Ricardo Oliveira Neto Leite e Rita Cristina Rodrigues Saraiva de Almeida<\/p>\n\n\n\n<p>Di\u00e1cono Ant\u00f3nio Manuel Santos Guarino e Maria Nair de Almeida Santos<\/p>\n\n\n\n<p>S\u00f3nia Caterina Ferreira Almeida<\/p>\n\n\n\n<p>Assistente Espiritual: P. Jos\u00e9 Carlos Gabriel Pereira<\/p>\n\n\n\n<p><strong>III<\/strong><\/p>\n\n\n\n<p><strong>Secretariado Diocesano de Liturgia<\/strong><\/p>\n\n\n\n<p>Diretor: P. Jo\u00e3o Paulo Soares Henriques<\/p>\n\n\n\n<p><strong>IV<\/strong><\/p>\n\n\n\n<p><strong>Secretariado Diocesano da Pastoral Socio-caritativa<\/strong><\/p>\n\n\n\n<p>Diretor:<strong> <\/strong>Fernanda Maria de Freitas Dias Gon\u00e7alves Capit\u00e3o<\/p>\n\n\n\n<p>Assistente Espiritual: P. Jos\u00e9 Carlos da Silva Lopes<\/p>\n\n\n\n<p><strong>Departamento da Pastoral da Sa\u00fade<\/strong><\/p>\n\n\n\n<p>Di\u00e1cono Jos\u00e9 Carlos Alves Costa<\/p>\n\n\n\n<p><strong>Departamento da Pastoral da Mobilidade Humana<\/strong><\/p>\n\n\n\n<p>Di\u00e1cono Francisco Jos\u00e9 Conde Santos<\/p>\n\n\n\n<p><strong>Departamento da Pastoral Penitenci\u00e1ria<\/strong><\/p>\n\n\n\n<p>Di\u00e1cono Jos\u00e9 Carlos Alves Costa<\/p>\n\n\n\n<p><strong>Caritas Diocesana<\/strong><\/p>\n\n\n\n<p>Presidente: Di\u00e1cono Jos\u00e9 Marinho Vaz.<\/p>\n\n\n\n<p><strong>V<\/strong><\/p>\n\n\n\n<p><strong>Servi\u00e7o de Coordena\u00e7\u00e3o dos Movimentos Apost\u00f3licos, Associa\u00e7\u00f5es e Obras<\/strong><\/p>\n\n\n\n<p>P. Jorge Manuel Matos Fragoso e Manuel de Oliveira Santos<\/p>\n\n\n\n<p><\/p>\n\n\n\n<p>Os respetivos Secretariados, Departamentos e Servi\u00e7os devem constituir equipas que desenvolvam os objetivos que nos propomos para a pastoral diocesana.<\/p>\n\n\n\n<p class=\"has-text-align-center\">Aveiro, 10 de novembro de 2025 (S. Le\u00e3o Magno).<\/p>\n\n\n\n<p class=\"has-text-align-center\">+ Ant\u00f3nio Manuel Moiteiro Ramos, <em>Bispo de Aveiro<\/em><\/p>\n","protected":false},"excerpt":{"rendered":"<p>A Igreja s\u00f3 se compreende na corresponsabilidade ministerial, quando cada um se sente ao servi\u00e7o dos outros. A participa\u00e7\u00e3o de todos exige empenho e dedica\u00e7\u00e3o no caminho que estamos a trilhar de implementar as comunidades pastorais em toda a Diocese. Sonhamos com comunidades crist\u00e3s que coloquem Cristo ressuscitado no centro da sua vida, vivam a comunh\u00e3o como o sinal vis\u00edvel [&hellip;]<\/p>\n","protected":false},"author":1,"featured_media":3161,"comment_status":"open","ping_status":"open","sticky":false,"template":"","format":"standard","meta":{"pagelayer_contact_templates":[],"_pagelayer_content":"","footnotes":""},"categories":[16],"tags":[],"class_list":["post-3251","post","type-post","status-publish","format-standard","has-post-thumbnail","hentry","category-nomeacoes"],"_links":{"self":[{"href":"http:\/\/diocese-aveiro.pt\/v3\/wp-json\/wp\/v2\/posts\/3251","targetHints":{"allow":["GET"]}}],"collection":[{"href":"http:\/\/diocese-aveiro.pt\/v3\/wp-json\/wp\/v2\/posts"}],"about":[{"href":"http:\/\/diocese-aveiro.pt\/v3\/wp-json\/wp\/v2\/types\/post"}],"author":[{"embeddable":true,"href":"http:\/\/diocese-aveiro.pt\/v3\/wp-json\/wp\/v2\/users\/1"}],"replies":[{"embeddable":true,"href":"http:\/\/diocese-aveiro.pt\/v3\/wp-json\/wp\/v2\/comments?post=3251"}],"version-history":[{"count":1,"href":"http:\/\/diocese-aveiro.pt\/v3\/wp-json\/wp\/v2\/posts\/3251\/revisions"}],"predecessor-version":[{"id":3252,"href":"http:\/\/diocese-aveiro.pt\/v3\/wp-json\/wp\/v2\/posts\/3251\/revisions\/3252"}],"wp:featuredmedia":[{"embeddable":true,"href":"http:\/\/diocese-aveiro.pt\/v3\/wp-json\/wp\/v2\/media\/3161"}],"wp:attachment":[{"href":"http:\/\/diocese-aveiro.pt\/v3\/wp-json\/wp\/v2\/media?parent=3251"}],"wp:term":[{"taxonomy":"category","embeddable":true,"href":"http:\/\/diocese-aveiro.pt\/v3\/wp-json\/wp\/v2\/categories?post=3251"},{"taxonomy":"post_tag","embeddable":true,"href":"http:\/\/diocese-aveiro.pt\/v3\/wp-json\/wp\/v2\/tags?post=3251"}],"curies":[{"name":"wp","href":"https:\/\/api.w.org\/{rel}","templated":true}]}}