{"id":3246,"date":"2025-11-03T09:14:43","date_gmt":"2025-11-03T09:14:43","guid":{"rendered":"https:\/\/diocese-aveiro.pt\/v3\/?p=3246"},"modified":"2025-11-03T09:14:43","modified_gmt":"2025-11-03T09:14:43","slug":"nomeacao-diocesana-3","status":"publish","type":"post","link":"http:\/\/diocese-aveiro.pt\/v3\/2025\/11\/03\/nomeacao-diocesana-3\/","title":{"rendered":"NOMEA\u00c7\u00c3O DIOCESANA"},"content":{"rendered":"\n<p>&nbsp;&nbsp;&nbsp;&nbsp;&nbsp;&nbsp;&nbsp;&nbsp;&nbsp;&nbsp;&nbsp;&nbsp;&nbsp;&nbsp;&nbsp; Tendo o Presidente da Dire\u00e7\u00e3o da Caritas Diocesana, Dr. Ant\u00f3nio Joaquim Pascoal Leandro, apresentado a ren\u00fancia por incompatibilidade com fun\u00e7\u00f5es assumidas recentemente, nomeio como Presidente da Caritas o atual Vice-Presidente, Di\u00e1cono Jos\u00e9 Marinho Vaz, para completar, juntamente com os outros elementos da Dire\u00e7\u00e3o, o mandato para o qual foram nomeados.<\/p>\n\n\n\n<p>&nbsp;&nbsp;&nbsp;&nbsp;&nbsp;&nbsp;&nbsp;&nbsp;&nbsp;&nbsp;&nbsp;&nbsp;&nbsp;&nbsp;&nbsp; Agradecemos ao Dr. Ant\u00f3nio Joaquim Pascoal Leandro o trabalho desenvolvido em prol da Caritas Diocesana.<\/p>\n\n\n\n<p class=\"has-text-align-center\">Aveiro, 3 de novembro de 2025.<\/p>\n\n\n\n<p class=\"has-text-align-center\"><em>\u00a0+ Ant\u00f3nio Manuel Moiteiro Ramos,<\/em> bispo de Aveiro<\/p>\n","protected":false},"excerpt":{"rendered":"<p>&nbsp;&nbsp;&nbsp;&nbsp;&nbsp;&nbsp;&nbsp;&nbsp;&nbsp;&nbsp;&nbsp;&nbsp;&nbsp;&nbsp;&nbsp; Tendo o Presidente da Dire\u00e7\u00e3o da Caritas Diocesana, Dr. Ant\u00f3nio Joaquim Pascoal Leandro, apresentado a ren\u00fancia por incompatibilidade com fun\u00e7\u00f5es assumidas recentemente, nomeio como Presidente da Caritas o atual Vice-Presidente, Di\u00e1cono Jos\u00e9 Marinho Vaz, para completar, juntamente com os outros elementos da Dire\u00e7\u00e3o, o mandato para o qual foram nomeados. &nbsp;&nbsp;&nbsp;&nbsp;&nbsp;&nbsp;&nbsp;&nbsp;&nbsp;&nbsp;&nbsp;&nbsp;&nbsp;&nbsp;&nbsp; Agradecemos ao Dr. Ant\u00f3nio Joaquim Pascoal Leandro o [&hellip;]<\/p>\n","protected":false},"author":1,"featured_media":3161,"comment_status":"open","ping_status":"open","sticky":false,"template":"","format":"standard","meta":{"pagelayer_contact_templates":[],"_pagelayer_content":"","footnotes":""},"categories":[38,16],"tags":[],"class_list":["post-3246","post","type-post","status-publish","format-standard","has-post-thumbnail","hentry","category-destaque","category-nomeacoes"],"_links":{"self":[{"href":"http:\/\/diocese-aveiro.pt\/v3\/wp-json\/wp\/v2\/posts\/3246","targetHints":{"allow":["GET"]}}],"collection":[{"href":"http:\/\/diocese-aveiro.pt\/v3\/wp-json\/wp\/v2\/posts"}],"about":[{"href":"http:\/\/diocese-aveiro.pt\/v3\/wp-json\/wp\/v2\/types\/post"}],"author":[{"embeddable":true,"href":"http:\/\/diocese-aveiro.pt\/v3\/wp-json\/wp\/v2\/users\/1"}],"replies":[{"embeddable":true,"href":"http:\/\/diocese-aveiro.pt\/v3\/wp-json\/wp\/v2\/comments?post=3246"}],"version-history":[{"count":1,"href":"http:\/\/diocese-aveiro.pt\/v3\/wp-json\/wp\/v2\/posts\/3246\/revisions"}],"predecessor-version":[{"id":3247,"href":"http:\/\/diocese-aveiro.pt\/v3\/wp-json\/wp\/v2\/posts\/3246\/revisions\/3247"}],"wp:featuredmedia":[{"embeddable":true,"href":"http:\/\/diocese-aveiro.pt\/v3\/wp-json\/wp\/v2\/media\/3161"}],"wp:attachment":[{"href":"http:\/\/diocese-aveiro.pt\/v3\/wp-json\/wp\/v2\/media?parent=3246"}],"wp:term":[{"taxonomy":"category","embeddable":true,"href":"http:\/\/diocese-aveiro.pt\/v3\/wp-json\/wp\/v2\/categories?post=3246"},{"taxonomy":"post_tag","embeddable":true,"href":"http:\/\/diocese-aveiro.pt\/v3\/wp-json\/wp\/v2\/tags?post=3246"}],"curies":[{"name":"wp","href":"https:\/\/api.w.org\/{rel}","templated":true}]}}