{"id":3238,"date":"2025-10-28T17:07:46","date_gmt":"2025-10-28T17:07:46","guid":{"rendered":"https:\/\/diocese-aveiro.pt\/v3\/?p=3238"},"modified":"2025-10-31T10:04:10","modified_gmt":"2025-10-31T10:04:10","slug":"vem-comigo-precisamos-de-ti-nota-pastoral","status":"publish","type":"post","link":"http:\/\/diocese-aveiro.pt\/v3\/2025\/10\/28\/vem-comigo-precisamos-de-ti-nota-pastoral\/","title":{"rendered":"Vem comigo\u2026 Precisamos de ti | Nota Pastoral"},"content":{"rendered":"\n<p>Semana dos semin\u00e1rios 2025<\/p>\n\n\n\n<p class=\"has-text-align-center\"><strong>Nota Pastoral<\/strong><\/p>\n\n\n\n<p class=\"has-text-align-center\"><strong>Vem comigo\u2026 Precisamos de ti<\/strong><\/p>\n\n\n\n<p>A semana de Ora\u00e7\u00e3o pelos Semin\u00e1rios Diocesanos, que decorre entre 2 e 9 de novembro, tem como lema \u201c<em>Precisamos de ti\u201d<\/em> e inspira-se numa imagem do rosto do Papa Le\u00e3o XIV, que com o dedo indicador aponta para cada um e apela: &#8220;Precisamos de ti&#8221;. O Papa indica o caminho que Jesus fez com os seus disc\u00edpulos para continuarem a miss\u00e3o que o Pai lhes tinha confiado: construir o Reino de Deus.<\/p>\n\n\n\n<p>Nesta semana, somos chamados a refletir sobre a quest\u00e3o: \u00abSenhor, o que me falta para chegar a conhecer-te, para me deixar acolher por ti, no teu reino, para viver aquela exist\u00eancia aut\u00eantica que preparaste para mim?\u00bb<\/p>\n\n\n\n<p>A busca do sentido da vida e o que fazer no futuro \u00e9 uma constante na vida de cada pessoa, seja crian\u00e7a, adolescente, jovem ou adulto. Somos pessoas quando deixamos crescer um ideal que orienta a nossa vida. O importante \u00e9 que sejamos coerentes com as nossas op\u00e7\u00f5es, com as nossas decis\u00f5es. Vivemos um tempo de perplexidade, mas tamb\u00e9m de esperan\u00e7a. Saber ver, escutar e pensar constituem a atitude fundamental para a nossa qualidade humana e a nossa maturidade.<\/p>\n\n\n\n<p>Jesus, no epis\u00f3dio do jovem rico, indica caminhos a percorrer na descoberta da nossa voca\u00e7\u00e3o. <em>\u00abAproximou-se dele um jovem e disse-lhe: \u201cMestre, que hei de fazer de bom, para alcan\u00e7ar a vida eterna?\u201d\u00bb<\/em> (<em>Mt 19,16<\/em>). Este jovem pergunta: <em>Que hei de fazer?<\/em> \u00c9 um jovem muito preocupado com o que fazer da sua vida<em>: <\/em>Que devo fazer? Em que bens devo investir?<\/p>\n\n\n\n<p>O jovem rico \u00e9 um homem habituado a comprar, sabe que cada coisa tem um pre\u00e7o, que uma pessoa rica pode fazer muitas coisas. \u00c9 um homem que tem muita confian\u00e7a naquilo que faz, porque se julga o centro do mundo. Jesus corrige a atitude mercantilista deste jovem, dizendo-lhe que se quer possuir a vida, deve observar os mandamentos para com o pr\u00f3ximo e n\u00e3o apenas os deveres para com Deus, tal como indicava o Antigo Testamento.<\/p>\n\n\n\n<p><em>\u00abAo ouvir isto, o jovem retirou-se contristado, porque possu\u00eda muitos bens\u00bb<\/em>. Podemos perguntar-nos: Qual a raz\u00e3o por que se afastou triste e amargurado? Este jovem que pensava ser livre perante a vida, no encontro com Jesus descobriu que era escravo dos bens que possu\u00eda.<\/p>\n\n\n\n<p>Oencontro com a pessoa de Jesus Cristo abre um novo horizonte e d\u00e1 um novo sentido \u00e0 vida. Para O procurarmos, deixemo-nos guiar por Maria de Magdala e a outra Maria (<em>Mt 28,1-8<\/em>) que foram ao t\u00famulo na manh\u00e3 do dia de P\u00e1scoa. Elas podiam ter ficado em casa, mas h\u00e1 algo que, <em>contra a l\u00f3gica humana<\/em>, faz com que se movam: a <em>l\u00f3gica do cora\u00e7\u00e3o<\/em>. As mulheres procuram o Senhor e eis que <em>\u00abO anjo do Senhor, descendo do C\u00e9u, aproximou-se e removeu a pedra, sentando-se sobre ela. O seu aspeto era como o de um rel\u00e2mpago; e a sua t\u00fanica, branca como a neve e disse \u00e0s mulheres: N\u00e3o tenhais medo\u00bb<\/em>, isto \u00e9, n\u00e3o deveis ter medo porque procurais a Jesus, \u00e9 Ele que d\u00e1 sentido \u00e0 vossa vida.<\/p>\n\n\n\n<p>As mulheres procuram a Jesus como se n\u00e3o tivesse ressuscitado, para realizarem um ato bom de embalsamarem e ungirem o corpo morto de Jesus, mas o anjo diz-lhes: <em>\u00abN\u00e3o est\u00e1 aqui, pois ressuscitou, como havia dito. Vinde, vede o lugar onde jazia\u00bb<\/em>, o mesmo \u00e9 dizer, vede que aqui j\u00e1 n\u00e3o h\u00e1 nada. <em>\u00abIde depressa dizer aos seus disc\u00edpulos: \u201cEle ressuscitou dos mortos e vai \u00e0 vossa frente para a Galileia. L\u00e1 o vereis\u00bb.<\/em> Este \u00e9 o desafio que Jesus dirige a todos os diocesanos de Aveiro.<\/p>\n\n\n\n<p>Aos jovens proponho rezar o Evangelho de Jesus que convida, antes de tudo, a responder a Deus que nos ama e salva, reconhecendo-o nos outros e saindo de n\u00f3s mesmos para procurar o bem de todos, tal como refere o Papa Le\u00e3o XIV na mensagem para a pr\u00f3xima Jornada da Juventude \u00abV\u00f3s, jovens, com a ajuda do Esp\u00edrito Santo, podeis tornar-vos mission\u00e1rios de Cristo no mundo. V\u00f3s mesmos podeis colocar-vos ao lado de outros jovens, caminhar com eles e mostrar que Deus, em Jesus, se aproximou de cada pessoa. Como o Papa Francisco gostava de dizer: Cristo mostra que Deus \u00e9 proximidade, compaix\u00e3o e ternura\u00bb.<\/p>\n\n\n\n<p>Aos sacerdotes apelo a que nos dediquemos a lan\u00e7ar a semente da voca\u00e7\u00e3o sacerdotal nas comunidades crist\u00e3s que nos est\u00e3o confiadas, a promover momentos de intensa ora\u00e7\u00e3o e a vivermos com paix\u00e3o o nosso minist\u00e9rio, enquanto sinal prof\u00e9tico de novas voca\u00e7\u00f5es. Faz-nos bem meditar as palavras recentemente dirigidas pelo nosso Santo Padre aos sacerdotes do Col\u00e9gio Portugu\u00eas em Roma: \u00abUm sacerdote, qualquer que seja a miss\u00e3o que lhe foi confiada, encontra sempre nela uma ocasi\u00e3o para se configurar a si mesmo com o Bom Pastor: n\u00e3o lhe basta um cora\u00e7\u00e3o de carne, um cora\u00e7\u00e3o humano e s\u00e1bio, mas sente a necessidade de um cora\u00e7\u00e3o como o de Jesus, sempre unido ao Pai, apaixonado pela Igreja e cheio de compaix\u00e3o\u00bb.<\/p>\n\n\n\n<p>Jesus ao chamar os seus disc\u00edpulos diz-lhes: \u201cVinde comigo\u201d, e o vosso bispo diz aos adolescentes e jovens da nosso Diocese: <em>Precisamos de ti<\/em> para anunciares a Boa nova de Jesus e construirmos juntos um mundo melhor.<\/p>\n\n\n\n<p><strong>Ora\u00e7\u00e3o<\/strong><\/p>\n\n\n\n<p>Senhor Jesus, precisamos de Ti,<br>Como Tu precisas de n\u00f3s,<br>tamb\u00e9m n\u00f3s precisamos de Ti.<br>Precisamos do teu amor.<br>Precisamos da tua coragem.<br>Precisamos do teu perd\u00e3o.<br>Precisamos da tua entrega.<br>Precisamos da tua presen\u00e7a.<br>Precisamos do teu Esp\u00edrito.<br>Senhor Jesus, precisamos de Ti,<br>para termos sacerdotes.<br>Senhor, n\u00e3o nos abandones.<br>Precisamos de Ti,<br>como Tu precisas de n\u00f3s.<br>Senhor Jesus,<br>que Tu e n\u00f3s sejamos um s\u00f3.<br>Que a Igreja seja conduzida por Ti,<br>o Bom Pastor, e que<br>das ovelhas do teu rebanho,<br>saiam pastores-sacerdotes<br>que sempre precisam de Ti.<br>Senhor Jesus<br>contamos Contigo<br>e com o conforto de tua M\u00e3e,<br>Maria, que \u00e9 nossa&nbsp;M\u00e3e.&nbsp;<\/p>\n\n\n\n<p>Amen.<\/p>\n\n\n\n<p>Aveiro, 27 de outubro de 2025.<\/p>\n\n\n\n<p>&nbsp;&nbsp;&nbsp;&nbsp;&nbsp;&nbsp;&nbsp;&nbsp;&nbsp;&nbsp;&nbsp; + Ant\u00f3nio Moiteiro, vosso bispo e irm\u00e3o.<\/p>\n","protected":false},"excerpt":{"rendered":"<p>Semana dos semin\u00e1rios 2025 Nota Pastoral Vem comigo\u2026 Precisamos de ti A semana de Ora\u00e7\u00e3o pelos Semin\u00e1rios Diocesanos, que decorre entre 2 e 9 de novembro, tem como lema \u201cPrecisamos de ti\u201d e inspira-se numa imagem do rosto do Papa Le\u00e3o XIV, que com o dedo indicador aponta para cada um e apela: &#8220;Precisamos de ti&#8221;. O Papa indica o [&hellip;]<\/p>\n","protected":false},"author":1,"featured_media":3161,"comment_status":"open","ping_status":"open","sticky":false,"template":"","format":"standard","meta":{"pagelayer_contact_templates":[],"_pagelayer_content":"","footnotes":""},"categories":[42,1],"tags":[],"class_list":["post-3238","post","type-post","status-publish","format-standard","has-post-thumbnail","hentry","category-mensagem","category-uncategorized"],"_links":{"self":[{"href":"http:\/\/diocese-aveiro.pt\/v3\/wp-json\/wp\/v2\/posts\/3238","targetHints":{"allow":["GET"]}}],"collection":[{"href":"http:\/\/diocese-aveiro.pt\/v3\/wp-json\/wp\/v2\/posts"}],"about":[{"href":"http:\/\/diocese-aveiro.pt\/v3\/wp-json\/wp\/v2\/types\/post"}],"author":[{"embeddable":true,"href":"http:\/\/diocese-aveiro.pt\/v3\/wp-json\/wp\/v2\/users\/1"}],"replies":[{"embeddable":true,"href":"http:\/\/diocese-aveiro.pt\/v3\/wp-json\/wp\/v2\/comments?post=3238"}],"version-history":[{"count":1,"href":"http:\/\/diocese-aveiro.pt\/v3\/wp-json\/wp\/v2\/posts\/3238\/revisions"}],"predecessor-version":[{"id":3239,"href":"http:\/\/diocese-aveiro.pt\/v3\/wp-json\/wp\/v2\/posts\/3238\/revisions\/3239"}],"wp:featuredmedia":[{"embeddable":true,"href":"http:\/\/diocese-aveiro.pt\/v3\/wp-json\/wp\/v2\/media\/3161"}],"wp:attachment":[{"href":"http:\/\/diocese-aveiro.pt\/v3\/wp-json\/wp\/v2\/media?parent=3238"}],"wp:term":[{"taxonomy":"category","embeddable":true,"href":"http:\/\/diocese-aveiro.pt\/v3\/wp-json\/wp\/v2\/categories?post=3238"},{"taxonomy":"post_tag","embeddable":true,"href":"http:\/\/diocese-aveiro.pt\/v3\/wp-json\/wp\/v2\/tags?post=3238"}],"curies":[{"name":"wp","href":"https:\/\/api.w.org\/{rel}","templated":true}]}}