{"id":3205,"date":"2025-09-23T14:40:40","date_gmt":"2025-09-23T13:40:40","guid":{"rendered":"https:\/\/diocese-aveiro.pt\/v3\/?p=3205"},"modified":"2025-09-23T14:40:40","modified_gmt":"2025-09-23T13:40:40","slug":"nomeacao-diocesana-2","status":"publish","type":"post","link":"http:\/\/diocese-aveiro.pt\/v3\/2025\/09\/23\/nomeacao-diocesana-2\/","title":{"rendered":"NOMEA\u00c7\u00c3O DIOCESANA"},"content":{"rendered":"\n<p>A Igreja s\u00f3 se compreende na corresponsabilidade ministerial, quando cada um se sente ao servi\u00e7o dos outros. A participa\u00e7\u00e3o de todos exige empenho e dedica\u00e7\u00e3o no caminho que estamos a trilhar de implementar as comunidades pastorais em toda a Diocese. Sonhamos com comunidades crist\u00e3s que coloquem Cristo ressuscitado no centro da sua vida, vivam a comunh\u00e3o como sinal vis\u00edvel dessa presen\u00e7a e formem disc\u00edpulos mission\u00e1rios que saibam dar raz\u00f5es da sua f\u00e9.<\/p>\n\n\n\n<p>Ap\u00f3s di\u00e1logo com o P\u00e1roco de S. Pedro de Aradas, arciprestado de Aveiro, nomeio Colaborador Pastoral da Par\u00f3quia de Aradas (S. Pedro) o <strong>Padre Rui Jorge Coutinho de Melo Neves Barnab\u00e9<\/strong>, acumulando com a miss\u00e3o que lhe tinha sido atribu\u00edda anteriormente.<\/p>\n\n\n\n<p class=\"has-text-align-center\">Aveiro, 22 de setembro de 2025.<\/p>\n\n\n\n<p class=\"has-text-align-center\"><em>+ Ant\u00f3nio Manuel Moiteiro Ramos, bispo de Aveiro<\/em><\/p>\n","protected":false},"excerpt":{"rendered":"<p>A Igreja s\u00f3 se compreende na corresponsabilidade ministerial, quando cada um se sente ao servi\u00e7o dos outros. A participa\u00e7\u00e3o de todos exige empenho e dedica\u00e7\u00e3o no caminho que estamos a trilhar de implementar as comunidades pastorais em toda a Diocese. Sonhamos com comunidades crist\u00e3s que coloquem Cristo ressuscitado no centro da sua vida, vivam a comunh\u00e3o como sinal vis\u00edvel dessa [&hellip;]<\/p>\n","protected":false},"author":1,"featured_media":3161,"comment_status":"open","ping_status":"open","sticky":false,"template":"","format":"standard","meta":{"pagelayer_contact_templates":[],"_pagelayer_content":"","footnotes":""},"categories":[13,16],"tags":[],"class_list":["post-3205","post","type-post","status-publish","format-standard","has-post-thumbnail","hentry","category-clero","category-nomeacoes"],"_links":{"self":[{"href":"http:\/\/diocese-aveiro.pt\/v3\/wp-json\/wp\/v2\/posts\/3205","targetHints":{"allow":["GET"]}}],"collection":[{"href":"http:\/\/diocese-aveiro.pt\/v3\/wp-json\/wp\/v2\/posts"}],"about":[{"href":"http:\/\/diocese-aveiro.pt\/v3\/wp-json\/wp\/v2\/types\/post"}],"author":[{"embeddable":true,"href":"http:\/\/diocese-aveiro.pt\/v3\/wp-json\/wp\/v2\/users\/1"}],"replies":[{"embeddable":true,"href":"http:\/\/diocese-aveiro.pt\/v3\/wp-json\/wp\/v2\/comments?post=3205"}],"version-history":[{"count":1,"href":"http:\/\/diocese-aveiro.pt\/v3\/wp-json\/wp\/v2\/posts\/3205\/revisions"}],"predecessor-version":[{"id":3206,"href":"http:\/\/diocese-aveiro.pt\/v3\/wp-json\/wp\/v2\/posts\/3205\/revisions\/3206"}],"wp:featuredmedia":[{"embeddable":true,"href":"http:\/\/diocese-aveiro.pt\/v3\/wp-json\/wp\/v2\/media\/3161"}],"wp:attachment":[{"href":"http:\/\/diocese-aveiro.pt\/v3\/wp-json\/wp\/v2\/media?parent=3205"}],"wp:term":[{"taxonomy":"category","embeddable":true,"href":"http:\/\/diocese-aveiro.pt\/v3\/wp-json\/wp\/v2\/categories?post=3205"},{"taxonomy":"post_tag","embeddable":true,"href":"http:\/\/diocese-aveiro.pt\/v3\/wp-json\/wp\/v2\/tags?post=3205"}],"curies":[{"name":"wp","href":"https:\/\/api.w.org\/{rel}","templated":true}]}}