{"id":3178,"date":"2025-07-29T11:41:06","date_gmt":"2025-07-29T10:41:06","guid":{"rendered":"https:\/\/diocese-aveiro.pt\/v3\/?p=3178"},"modified":"2025-07-29T11:41:06","modified_gmt":"2025-07-29T10:41:06","slug":"aveiro-no-jubileu-dos-jovens","status":"publish","type":"post","link":"http:\/\/diocese-aveiro.pt\/v3\/2025\/07\/29\/aveiro-no-jubileu-dos-jovens\/","title":{"rendered":"Aveiro no Jubileu dos Jovens"},"content":{"rendered":"\n<p>Neste fim de semana, foram muitos os jovens da nossa Diocese que aterraram ou estacionaram em Roma para viver o JUBILEU DOS JOVENS.<\/p>\n\n\n\n<p>Para o Diretor do DPJAveiro, Tiago Santos, &#8220;a primeira etapa desta aventura est\u00e1 quase conclu\u00edda, com a chegada e acolhimento dos nossos Peregrinos, neste evento que transformou Roma no centro da juventude mundial&#8221;.<\/p>\n\n\n\n<p>Para os pr\u00f3ximos dias &#8220;est\u00e3o prometidos v\u00e1rios passeios pela cidade de Roma, momentos de espiritualidade e muitos momentos de conv\u00edvio e de felicidade&#8221;.<\/p>\n\n\n\n<p>Recordar que da Diocese de Aveiro participam perto de 400 jovens, sendo que &#8220;250 est\u00e3o inscritos no Master Grupo do DPJAveiro, 102 a participar atrav\u00e9s do Projeto A.U.R.A. e cerca de 40 jovens envolvidos atrav\u00e9s de grupos paroquiais e\/ou movimentos organizados de forma aut\u00f3noma&#8221;.<\/p>\n\n\n\n<p>Por fim, por estes dias ecoa, parte da mensagem do Bispo de Aveiro, D. Ant\u00f3nio Monteiro, no envio destes jovens participantes:<br>&#8221; O momento chegou. O momento de partir, de fazer caminho, de atravessar fronteiras e de abrir o cora\u00e7\u00e3o a tudo o que Deus preparou para voc\u00eas neste Jubileu dos Jovens. Esta n\u00e3o ser\u00e1 apenas uma viagem a Roma. Ser\u00e1 uma viagem a voc\u00eas mesmos. Uma travessia de f\u00e9, de descoberta e de encontro. V\u00e3o ao encontro de milhares de jovens que, como voc\u00eas, tamb\u00e9m decidiram acreditar que Deus os chama a viver\u00a0algo\u00a0novo.&#8221;<\/p>\n\n\n","protected":false},"excerpt":{"rendered":"<p>Neste fim de semana, foram muitos os jovens da nossa Diocese que aterraram ou estacionaram em Roma para viver o JUBILEU DOS JOVENS. Para o Diretor do DPJAveiro, Tiago Santos, &#8220;a primeira etapa desta aventura est\u00e1 quase conclu\u00edda, com a chegada e acolhimento dos nossos Peregrinos, neste evento que transformou Roma no centro da juventude mundial&#8221;. Para os pr\u00f3ximos dias [&hellip;]<\/p>\n","protected":false},"author":1,"featured_media":3190,"comment_status":"open","ping_status":"open","sticky":false,"template":"","format":"standard","meta":{"pagelayer_contact_templates":[],"_pagelayer_content":"","footnotes":""},"categories":[38,51,36,11],"tags":[],"class_list":["post-3178","post","type-post","status-publish","format-standard","has-post-thumbnail","hentry","category-destaque","category-jubileu","category-juventude","category-noticias"],"_links":{"self":[{"href":"http:\/\/diocese-aveiro.pt\/v3\/wp-json\/wp\/v2\/posts\/3178","targetHints":{"allow":["GET"]}}],"collection":[{"href":"http:\/\/diocese-aveiro.pt\/v3\/wp-json\/wp\/v2\/posts"}],"about":[{"href":"http:\/\/diocese-aveiro.pt\/v3\/wp-json\/wp\/v2\/types\/post"}],"author":[{"embeddable":true,"href":"http:\/\/diocese-aveiro.pt\/v3\/wp-json\/wp\/v2\/users\/1"}],"replies":[{"embeddable":true,"href":"http:\/\/diocese-aveiro.pt\/v3\/wp-json\/wp\/v2\/comments?post=3178"}],"version-history":[{"count":1,"href":"http:\/\/diocese-aveiro.pt\/v3\/wp-json\/wp\/v2\/posts\/3178\/revisions"}],"predecessor-version":[{"id":3192,"href":"http:\/\/diocese-aveiro.pt\/v3\/wp-json\/wp\/v2\/posts\/3178\/revisions\/3192"}],"wp:featuredmedia":[{"embeddable":true,"href":"http:\/\/diocese-aveiro.pt\/v3\/wp-json\/wp\/v2\/media\/3190"}],"wp:attachment":[{"href":"http:\/\/diocese-aveiro.pt\/v3\/wp-json\/wp\/v2\/media?parent=3178"}],"wp:term":[{"taxonomy":"category","embeddable":true,"href":"http:\/\/diocese-aveiro.pt\/v3\/wp-json\/wp\/v2\/categories?post=3178"},{"taxonomy":"post_tag","embeddable":true,"href":"http:\/\/diocese-aveiro.pt\/v3\/wp-json\/wp\/v2\/tags?post=3178"}],"curies":[{"name":"wp","href":"https:\/\/api.w.org\/{rel}","templated":true}]}}