{"id":3160,"date":"2025-07-28T21:13:00","date_gmt":"2025-07-28T20:13:00","guid":{"rendered":"https:\/\/diocese-aveiro.pt\/v3\/?p=3160"},"modified":"2025-07-29T12:10:48","modified_gmt":"2025-07-29T11:10:48","slug":"nomeacoes-2025-2026","status":"publish","type":"post","link":"http:\/\/diocese-aveiro.pt\/v3\/2025\/07\/28\/nomeacoes-2025-2026\/","title":{"rendered":"Nomea\u00e7\u00f5es 2025-2026"},"content":{"rendered":"\n<p>Caminhar juntos nos diferentes lugares como disc\u00edpulos de Jesus, na diversidade de carismas e minist\u00e9rios, bem como no interc\u00e2mbio de dons entre as Igrejas, \u00e9 sinal eficaz da presen\u00e7a do amor e da miseric\u00f3rdia de Deus em Cristo, que acompanha, sustenta e orienta, no sopro do Esp\u00edrito Santo, o caminho da humanidade em dire\u00e7\u00e3o ao Reino (Documento S\u00ednodo 2024 n\u00ba 120).<\/p>\n\n\n\n<p>A Igreja s\u00f3 se compreende na corresponsabilidade ministerial, quando cada um se sente ao servi\u00e7o dos outros. A participa\u00e7\u00e3o de todos exige empenho e dedica\u00e7\u00e3o no caminho que estamos a trilhar de implementar as comunidades pastorais em toda a Diocese. Sonhamos com comunidades crist\u00e3s que coloquem Cristo ressuscitado no centro da sua vida, vivam a comunh\u00e3o como o sinal vis\u00edvel dessa presen\u00e7a e formem disc\u00edpulos mission\u00e1rios que saibam dar raz\u00f5es da sua f\u00e9.<\/p>\n\n\n\n<p><em>Ap\u00f3s ter ouvido algumas inst\u00e2ncias diocesanas e em di\u00e1logo com todos os nomeados, hei por bem proceder \u00e0s seguintes nomea\u00e7\u00f5es:<\/em><\/p>\n\n\n\n<p><strong>1.&nbsp;&nbsp;&nbsp; Sacerdotes<\/strong><\/p>\n\n\n\n<p class=\"has-black-color has-text-color has-link-color wp-elements-ead5aa8d912a76c7b187a2b259fe5c1a\"><strong>Padre Lu\u00eds Alberto Rodrigues Dinis, <\/strong>SCJ \u2013<strong> <\/strong>p\u00e1roco \u201cin solidum\u201d<strong> <\/strong>da par\u00f3quia de Esgueira (Santo Andr\u00e9), do arciprestado de Aveiro, com autoriza\u00e7\u00e3o do Provincial dos Dehonianos, continuando o Padre Joaquim Ant\u00f3nio Ferreira Magalh\u00e3es,SCJ como Moderador.<\/p>\n\n\n\n<p class=\"has-black-color has-text-color has-link-color wp-elements-7d9419b1b0811182e07fe527c13d5aff\"><strong>Padre Jorge Manuel dos Santos Gon\u00e7alves <\/strong>\u2013<strong> <\/strong>p\u00e1roco das par\u00f3quias da Murtosa (Nossa Senhora da Natividade) e de Pardelhas (S\u00e3o Louren\u00e7o), acumulando com as anteriores miss\u00f5es assumidas.<\/p>\n\n\n\n<p class=\"has-black-color has-text-color has-link-color wp-elements-b255463baa728b20807ded69e67abf66\"><strong>Padre Pedro Rafael Ara\u00fajo Oliveira<\/strong> \u2013 p\u00e1roco da par\u00f3quia da Gafanha da Nazar\u00e9 (Nossa Senhora da Nazar\u00e9) continuando o Padre F\u00e9lix Nunes Bento como Colaborador Pastoral da referida par\u00f3quia, com autoriza\u00e7\u00e3o do Arcebispo de Lubango.<\/p>\n\n\n\n<p><strong>2. Di\u00e1conos<\/strong><\/p>\n\n\n\n<p class=\"has-black-color has-text-color has-link-color wp-elements-68f6dbb3819ab4a5a8bc74d06a2c1933\"><strong>Di\u00e1cono Francisco Jos\u00e9 Conde Santos<\/strong><strong> <\/strong>\u2013 colaborador pastoral, a tempo inteiro, das par\u00f3quias confiadas ao P. Jorge Manuel dos Santos Gon\u00e7alves.<\/p>\n\n\n\n<p class=\"has-black-color has-text-color has-link-color wp-elements-f4bdeb30102a9bc5b6d33d9e0a04b887\"><strong>Di\u00e1cono Jorge Miguel Sim\u00f5es Frade <\/strong>\u2013 presidente diocesano do Movimento Mensagem de F\u00e1tima.<\/p>\n\n\n\n<p class=\"has-black-color has-text-color has-link-color wp-elements-aab9b26dba244d3800ed451638f70b46\"><strong>Di\u00e1cono <\/strong><strong>Rafael Malaquias Oliveira <\/strong>\u2013 diretor Adjunto do Servi\u00e7o da Pastoral das Voca\u00e7\u00f5es, acumulando com a colabora\u00e7\u00e3o pastoral nas par\u00f3quias da Branca (S\u00e3o Vicente) e Ribeira de Fr\u00e1guas (S\u00e3o Tiago).<\/p>\n\n\n\n<p class=\"has-black-color has-text-color has-link-color wp-elements-544c3cad1b65f614251fc8a3fac31ea7\"><strong>3. Servi\u00e7os Diocesanos<\/strong><\/p>\n\n\n\n<p class=\"has-black-color has-text-color has-link-color wp-elements-746563db95c73e503986768e664f0273\"><strong>Padre H\u00e9lder Manuel Ruivo Gon\u00e7alves <\/strong>\u2013 Assistente Espiritual da Irmandade de Santa Joana.<\/p>\n\n\n\n<p class=\"has-black-color has-text-color has-link-color wp-elements-0d55f58109b7ec4a3be066256d037f7a\"><strong>Padre Pedro Miguel Vieira Barros <\/strong>\u2013 Diretor do Servi\u00e7o Pastoral das Voca\u00e7\u00f5es.<\/p>\n\n\n\n<p class=\"has-black-color has-text-color has-link-color wp-elements-6bf741e1e82542c1a662d4c4f7d84428\"><strong>Padre Nuno<\/strong> <strong>Duarte da Silva Queir\u00f3s<\/strong> &#8211; Diretor do Centro de Forma\u00e7\u00e3o D. Ant\u00f3nio Marcelino (CEFAM).<\/p>\n\n\n\n<p class=\"has-black-color has-text-color has-link-color wp-elements-22f0f0c5b4148f82b373657928790a01\"><strong>Padre Pedro Rafael Ara\u00fajo Oliveira<\/strong> \u2013 Assistente da equipa do Departamento da Catequese da Inf\u00e2ncia e Adolesc\u00eancia.<\/p>\n\n\n\n<p class=\"has-black-color has-text-color has-link-color wp-elements-109a97b8c5fe300849431c00fdfc808c\"><strong>Padre Rui Jorge Coutinho de Melo Neves Barnab\u00e9 <\/strong>\u2013 Diretor do Centro Universit\u00e1rio F\u00e9 e Cultura (CUFC).<\/p>\n\n\n\n<p class=\"has-black-color has-text-color has-link-color wp-elements-1c74271eb8db17a33914de4cc7f5b058\"><strong>4. Estudos<\/strong><\/p>\n\n\n\n<p class=\"has-black-color has-text-color has-link-color wp-elements-7b80dd84b031d8ed876f49f3695c9847\"><strong>Padre F\u00e1bio Daniel Mota Freches <\/strong>\u2013 Enviado em miss\u00e3o de estudos para a Universidade Pontif\u00edcia de Salamanca para fazer a Licenciatura em Direito Can\u00f3nico, acumulando com as anteriores miss\u00f5es assumidas.<\/p>\n\n\n\n<p class=\"has-black-color has-text-color has-link-color wp-elements-bce0f6d96c3d90a294ecae95df769a61\"><strong>Padre Luciano Al\u00ed Labrador Martinez <\/strong>\u2013 Enviado em miss\u00e3o de estudos para a Universidade Pontif\u00edcia de Salamanca para fazer a Licenciatura em Direito Can\u00f3nico, acumulando com as anteriores miss\u00f5es assumidas.<\/p>\n\n\n\n<p class=\"has-black-color has-text-color has-link-color wp-elements-912b29b6744ffa923761d158cb9bb64c\"><strong>Padre <\/strong><strong>Nuno Andr\u00e9 Fernandes Gon\u00e7alves <\/strong>\u2013 Enviado em miss\u00e3o de estudos para o Instituto Cat\u00f3lico de Paris para fazer a Licenciatura em Teologia das Religi\u00f5es e Missionologia.<\/p>\n\n\n\n<p class=\"has-black-color has-text-color has-link-color wp-elements-651f6a0efcc99634ec33808ef56df57f\"><strong>5. Dispensas de Of\u00edcios<\/strong><\/p>\n\n\n\n<p class=\"has-black-color has-text-color has-link-color wp-elements-4740ccd99be9b96d642afb8d5f8c4940\"><strong>Padre C\u00e9sar Fernandes <\/strong>\u2013 dispensado da par\u00f3quia da Gafanha da Nazar\u00e9, por motivos de sa\u00fade, para um ano sab\u00e1tico, a quem agradecemos toda a dedica\u00e7\u00e3o e zelo com que desempenhou as miss\u00f5es que lhe foram confiadas at\u00e9 este momento.<\/p>\n\n\n\n<p class=\"has-black-color has-text-color has-link-color wp-elements-c3f9f6a077c0bffe10ba45442baf9ed0\"><strong>Padre Daniel Kouobou<\/strong>,SCJ &#8211; dispensadoda par\u00f3quia de Esgueira, a quem agradecemos toda a dedica\u00e7\u00e3o prestada ao longo do \u00faltimo ano pastoral.<\/p>\n\n\n\n<p><em>N.B. Outras nomea\u00e7\u00f5es para os Secretariados Diocesanos, Departamentos e Servi\u00e7os ser\u00e3o feitas durante o m\u00eas de setembro<\/em><\/p>\n\n\n\n<p class=\"has-text-align-center\">Aveiro, 25 de julho (festa do ap\u00f3stolo S. Tiago) de 2025.<\/p>\n\n\n\n<p class=\"has-text-align-center\"><em>+ Ant\u00f3nio Manuel Moiteiro Ramos, Bispo de Aveiro<\/em><\/p>\n","protected":false},"excerpt":{"rendered":"<p>Caminhar juntos nos diferentes lugares como disc\u00edpulos de Jesus, na diversidade de carismas e minist\u00e9rios, bem como no interc\u00e2mbio de dons entre as Igrejas, \u00e9 sinal eficaz da presen\u00e7a do amor e da miseric\u00f3rdia de Deus em Cristo, que acompanha, sustenta e orienta, no sopro do Esp\u00edrito Santo, o caminho da humanidade em dire\u00e7\u00e3o ao Reino (Documento S\u00ednodo 2024 n\u00ba [&hellip;]<\/p>\n","protected":false},"author":1,"featured_media":3161,"comment_status":"open","ping_status":"open","sticky":false,"template":"","format":"standard","meta":{"pagelayer_contact_templates":[],"_pagelayer_content":"","footnotes":""},"categories":[46,38,16,11],"tags":[],"class_list":["post-3160","post","type-post","status-publish","format-standard","has-post-thumbnail","hentry","category-bispo","category-destaque","category-nomeacoes","category-noticias"],"_links":{"self":[{"href":"http:\/\/diocese-aveiro.pt\/v3\/wp-json\/wp\/v2\/posts\/3160","targetHints":{"allow":["GET"]}}],"collection":[{"href":"http:\/\/diocese-aveiro.pt\/v3\/wp-json\/wp\/v2\/posts"}],"about":[{"href":"http:\/\/diocese-aveiro.pt\/v3\/wp-json\/wp\/v2\/types\/post"}],"author":[{"embeddable":true,"href":"http:\/\/diocese-aveiro.pt\/v3\/wp-json\/wp\/v2\/users\/1"}],"replies":[{"embeddable":true,"href":"http:\/\/diocese-aveiro.pt\/v3\/wp-json\/wp\/v2\/comments?post=3160"}],"version-history":[{"count":5,"href":"http:\/\/diocese-aveiro.pt\/v3\/wp-json\/wp\/v2\/posts\/3160\/revisions"}],"predecessor-version":[{"id":3193,"href":"http:\/\/diocese-aveiro.pt\/v3\/wp-json\/wp\/v2\/posts\/3160\/revisions\/3193"}],"wp:featuredmedia":[{"embeddable":true,"href":"http:\/\/diocese-aveiro.pt\/v3\/wp-json\/wp\/v2\/media\/3161"}],"wp:attachment":[{"href":"http:\/\/diocese-aveiro.pt\/v3\/wp-json\/wp\/v2\/media?parent=3160"}],"wp:term":[{"taxonomy":"category","embeddable":true,"href":"http:\/\/diocese-aveiro.pt\/v3\/wp-json\/wp\/v2\/categories?post=3160"},{"taxonomy":"post_tag","embeddable":true,"href":"http:\/\/diocese-aveiro.pt\/v3\/wp-json\/wp\/v2\/tags?post=3160"}],"curies":[{"name":"wp","href":"https:\/\/api.w.org\/{rel}","templated":true}]}}