{"id":2925,"date":"2025-03-27T23:35:44","date_gmt":"2025-03-27T23:35:44","guid":{"rendered":"https:\/\/diocese-aveiro.pt\/v3\/?p=2925"},"modified":"2025-03-27T23:35:45","modified_gmt":"2025-03-27T23:35:45","slug":"2925","status":"publish","type":"post","link":"http:\/\/diocese-aveiro.pt\/v3\/2025\/03\/27\/2925\/","title":{"rendered":""},"content":{"rendered":"\n<figure class=\"wp-block-image size-large\"><img fetchpriority=\"high\" decoding=\"async\" width=\"1024\" height=\"463\" src=\"https:\/\/diocese-aveiro.pt\/v3\/wp-content\/uploads\/2025\/03\/Deus-caminha-connosco-1024x463.png\" alt=\"\" class=\"wp-image-2926\" srcset=\"http:\/\/diocese-aveiro.pt\/v3\/wp-content\/uploads\/2025\/03\/Deus-caminha-connosco-1024x463.png 1024w, http:\/\/diocese-aveiro.pt\/v3\/wp-content\/uploads\/2025\/03\/Deus-caminha-connosco-300x136.png 300w, http:\/\/diocese-aveiro.pt\/v3\/wp-content\/uploads\/2025\/03\/Deus-caminha-connosco-768x348.png 768w, http:\/\/diocese-aveiro.pt\/v3\/wp-content\/uploads\/2025\/03\/Deus-caminha-connosco-1536x695.png 1536w, http:\/\/diocese-aveiro.pt\/v3\/wp-content\/uploads\/2025\/03\/Deus-caminha-connosco-2048x927.png 2048w\" sizes=\"(max-width: 1024px) 100vw, 1024px\" \/><\/figure>\n\n\n\n<p>A Equipa de Pastoral Alargada percorreu, durante os meses de fevereiro e de mar\u00e7o, todos os arciprestados da nossa Diocese, em assembleias para refletir o que o Esp\u00edrito Santo fala a esta Igreja Particular, sobre as Novas formas de Presen\u00e7a da Igreja no territ\u00f3rio diocesano.<\/p>\n\n\n\n<p>A equipa diocesana agradece a todos o acolhimento, a disponibilidade, a perseveran\u00e7a, a docilidade e a amabilidade na Escuta e no Discernimento. Somos Peregrinos de Esperan\u00e7a, porque Deus caminha connosco e ilumina os nossos passos. \u00c9 essa mesma esperan\u00e7a que tem alimentado o Sonho de Deus para todos n\u00f3s.<\/p>\n\n\n\n<p>Foram perto de 600 pessoas as que estiveram presentes nestes encontros, o desafio agora \u00e9 levar esta reflex\u00e3o \u00e0s par\u00f3quias para que todos possam ser parte ativa.<\/p>\n\n\n\n<p><em>Rezemos juntos pela\u00a0nossa\u00a0Diocese:<br><\/em>Deus Criador e Deus de Amor,<br>Em Ti vivemos, nos movemos e existimos.<br>Envia-nos o Teu Esp\u00edrito,<br>Para sermos disc\u00edpulos de Cristo Ressuscitado,<br>vivermos com alegria e responsabilidade,<br>sermos fermento de esperan\u00e7a,<br>em comunh\u00e3o com toda a Igreja,<br>com Maria, nossa M\u00e3e,<br>e Santa Joana, nossa padroeira.<br>Por Cristo, nosso Senhor.<br>\u00c1men.<\/p>\n\n\n\n<p><\/p>\n\n\n","protected":false},"excerpt":{"rendered":"<p>A Equipa de Pastoral Alargada percorreu, durante os meses de fevereiro e de mar\u00e7o, todos os arciprestados da nossa Diocese, em assembleias para refletir o que o Esp\u00edrito Santo fala a esta Igreja Particular, sobre as Novas formas de Presen\u00e7a da Igreja no territ\u00f3rio diocesano. A equipa diocesana agradece a todos o acolhimento, a disponibilidade, a perseveran\u00e7a, a docilidade e [&hellip;]<\/p>\n","protected":false},"author":1,"featured_media":2936,"comment_status":"open","ping_status":"open","sticky":false,"template":"","format":"standard","meta":{"pagelayer_contact_templates":[],"_pagelayer_content":"","footnotes":""},"categories":[21,38,11],"tags":[],"class_list":["post-2925","post","type-post","status-publish","format-standard","has-post-thumbnail","hentry","category-acao-pastoral","category-destaque","category-noticias"],"_links":{"self":[{"href":"http:\/\/diocese-aveiro.pt\/v3\/wp-json\/wp\/v2\/posts\/2925","targetHints":{"allow":["GET"]}}],"collection":[{"href":"http:\/\/diocese-aveiro.pt\/v3\/wp-json\/wp\/v2\/posts"}],"about":[{"href":"http:\/\/diocese-aveiro.pt\/v3\/wp-json\/wp\/v2\/types\/post"}],"author":[{"embeddable":true,"href":"http:\/\/diocese-aveiro.pt\/v3\/wp-json\/wp\/v2\/users\/1"}],"replies":[{"embeddable":true,"href":"http:\/\/diocese-aveiro.pt\/v3\/wp-json\/wp\/v2\/comments?post=2925"}],"version-history":[{"count":1,"href":"http:\/\/diocese-aveiro.pt\/v3\/wp-json\/wp\/v2\/posts\/2925\/revisions"}],"predecessor-version":[{"id":2937,"href":"http:\/\/diocese-aveiro.pt\/v3\/wp-json\/wp\/v2\/posts\/2925\/revisions\/2937"}],"wp:featuredmedia":[{"embeddable":true,"href":"http:\/\/diocese-aveiro.pt\/v3\/wp-json\/wp\/v2\/media\/2936"}],"wp:attachment":[{"href":"http:\/\/diocese-aveiro.pt\/v3\/wp-json\/wp\/v2\/media?parent=2925"}],"wp:term":[{"taxonomy":"category","embeddable":true,"href":"http:\/\/diocese-aveiro.pt\/v3\/wp-json\/wp\/v2\/categories?post=2925"},{"taxonomy":"post_tag","embeddable":true,"href":"http:\/\/diocese-aveiro.pt\/v3\/wp-json\/wp\/v2\/tags?post=2925"}],"curies":[{"name":"wp","href":"https:\/\/api.w.org\/{rel}","templated":true}]}}