{"id":2845,"date":"2025-02-18T11:47:00","date_gmt":"2025-02-18T11:47:00","guid":{"rendered":"https:\/\/diocese-aveiro.pt\/v3\/?p=2845"},"modified":"2025-02-19T09:57:01","modified_gmt":"2025-02-19T09:57:01","slug":"faleceu-o-padre-manuel-antonio-carvalhais","status":"publish","type":"post","link":"http:\/\/diocese-aveiro.pt\/v3\/2025\/02\/18\/faleceu-o-padre-manuel-antonio-carvalhais\/","title":{"rendered":"Faleceu o Padre Manuel Ant\u00f3nio Carvalhais"},"content":{"rendered":"\n<p>A Diocese de Aveiro est\u00e1 mais pobre&#8230; faleceu, esta manh\u00e3, o Padre Manuel Ant\u00f3nio Carvalhais<\/p>\n\n\n\n<p>Nascido a 20 de outubro de 1937 na par\u00f3quia de Calv\u00e3o (Choca do Mar), foi ordenado presb\u00edtero a 30 de dezembro de 1962, na Catedral de Aveiro, por D. Manuel de Almeida Trindade.<\/p>\n\n\n\n<p>Frequentou o Semin\u00e1rio de Santa Joana Princesa, em Aveiro, entre os anos 1950 a 1958 e o Semin\u00e1rio dos Olivais, Lisboa, de 1958 a 1962. No final dos anos 80 cursou Direito Can\u00f3nico na Universidade Pontif\u00edcia de Salamanca, <a><\/a>findo o qual exerceu o of\u00edcio de defensor do v\u00ednculo no Tribunal diocesano.<\/p>\n\n\n\n<p>Ainda di\u00e1cono [1962], realizou o seu est\u00e1gio pastoral ao servi\u00e7o do p\u00e1roco da Gl\u00f3ria. Ap\u00f3s a sua ordena\u00e7\u00e3o rumou para o Bunheiro, onde foi coadjutor. Ao longo da sua vida foi chamado a servir as par\u00f3quias da Branca, \u00c1gueda, Castanheira do Vouga, Cacia, \u00c1gueda, Fermel\u00e3; Canelas, Vagos, Soza e Santo Ant\u00f3nio de Vagos.<\/p>\n\n\n\n<p>Foi ainda Professor de Religi\u00e3o Moral, Capel\u00e3o do Hospital de Salreu, Secret\u00e1rio geral do S\u00ednodo Diocesano(1990-1995) e Diretor do Seman\u00e1rio Diocesano \u201cCorreio do Vouga\u201d.<\/p>\n\n\n\n<p>Por motivos de sa\u00fade deixou o servi\u00e7o pastoral no ano de 2018.<\/p>\n\n\n\n<p><strong>Ex\u00e9quias<\/strong><\/p>\n\n\n\n<p>O seu funeral ter\u00e1 lugar na Igreja Matriz de Calv\u00e3o, sua terra natal, esta quarta-feira 19 de fevereiro, pelas 15h00. Estar\u00e1 em c\u00e2mara ardente a partir das 13h00.<\/p>\n\n\n\n<p>Ap\u00f3s a celebra\u00e7\u00e3o ser\u00e1 sepultado no cemit\u00e9rio local.<\/p>\n","protected":false},"excerpt":{"rendered":"<p>A Diocese de Aveiro est\u00e1 mais pobre&#8230; faleceu, esta manh\u00e3, o Padre Manuel Ant\u00f3nio Carvalhais Nascido a 20 de outubro de 1937 na par\u00f3quia de Calv\u00e3o (Choca do Mar), foi ordenado presb\u00edtero a 30 de dezembro de 1962, na Catedral de Aveiro, por D. Manuel de Almeida Trindade. Frequentou o Semin\u00e1rio de Santa Joana Princesa, em Aveiro, entre os anos [&hellip;]<\/p>\n","protected":false},"author":1,"featured_media":2846,"comment_status":"open","ping_status":"open","sticky":false,"template":"","format":"standard","meta":{"pagelayer_contact_templates":[],"_pagelayer_content":"","footnotes":""},"categories":[13,11],"tags":[],"class_list":["post-2845","post","type-post","status-publish","format-standard","has-post-thumbnail","hentry","category-clero","category-noticias"],"_links":{"self":[{"href":"http:\/\/diocese-aveiro.pt\/v3\/wp-json\/wp\/v2\/posts\/2845","targetHints":{"allow":["GET"]}}],"collection":[{"href":"http:\/\/diocese-aveiro.pt\/v3\/wp-json\/wp\/v2\/posts"}],"about":[{"href":"http:\/\/diocese-aveiro.pt\/v3\/wp-json\/wp\/v2\/types\/post"}],"author":[{"embeddable":true,"href":"http:\/\/diocese-aveiro.pt\/v3\/wp-json\/wp\/v2\/users\/1"}],"replies":[{"embeddable":true,"href":"http:\/\/diocese-aveiro.pt\/v3\/wp-json\/wp\/v2\/comments?post=2845"}],"version-history":[{"count":2,"href":"http:\/\/diocese-aveiro.pt\/v3\/wp-json\/wp\/v2\/posts\/2845\/revisions"}],"predecessor-version":[{"id":2848,"href":"http:\/\/diocese-aveiro.pt\/v3\/wp-json\/wp\/v2\/posts\/2845\/revisions\/2848"}],"wp:featuredmedia":[{"embeddable":true,"href":"http:\/\/diocese-aveiro.pt\/v3\/wp-json\/wp\/v2\/media\/2846"}],"wp:attachment":[{"href":"http:\/\/diocese-aveiro.pt\/v3\/wp-json\/wp\/v2\/media?parent=2845"}],"wp:term":[{"taxonomy":"category","embeddable":true,"href":"http:\/\/diocese-aveiro.pt\/v3\/wp-json\/wp\/v2\/categories?post=2845"},{"taxonomy":"post_tag","embeddable":true,"href":"http:\/\/diocese-aveiro.pt\/v3\/wp-json\/wp\/v2\/tags?post=2845"}],"curies":[{"name":"wp","href":"https:\/\/api.w.org\/{rel}","templated":true}]}}