{"id":2772,"date":"2024-12-16T11:42:51","date_gmt":"2024-12-16T11:42:51","guid":{"rendered":"https:\/\/diocese-aveiro.pt\/v3\/?p=2772"},"modified":"2024-12-16T11:42:51","modified_gmt":"2024-12-16T11:42:51","slug":"jubileu-peregrinos-da-esperanca-a-esperanca-nao-engana","status":"publish","type":"post","link":"http:\/\/diocese-aveiro.pt\/v3\/2024\/12\/16\/jubileu-peregrinos-da-esperanca-a-esperanca-nao-engana\/","title":{"rendered":"Jubileu Peregrinos da Esperan\u00e7a &#8211; A esperan\u00e7a n\u00e3o engana"},"content":{"rendered":"\n<p class=\"has-text-align-right\"><strong>Nota Pastoral do Bispo de Aveiro<\/strong><\/p>\n\n\n\n<p class=\"has-text-align-center\"><strong>Jubileu Peregrinos da Esperan\u00e7a &#8211; A esperan\u00e7a n\u00e3o engana<\/strong><\/p>\n\n\n\n<p>Um jubileu \u00e9 sempre um acontecimento festivo, momento de alegria, porque apela \u00e0 convers\u00e3o e \u00e0 mudan\u00e7a de vida. \u00c9 um convite e um tempo para refletir, mas tamb\u00e9m um tempo de esperan\u00e7a.<\/p>\n\n\n\n<p>Numa \u00e9poca em que assistimos a tantos sinais de guerra, destrui\u00e7\u00e3o, persegui\u00e7\u00e3o, pobreza e desigualdade social, somos convidados, como crist\u00e3os, a ter uma palavra de esperan\u00e7a, que tem o seu fundamento no encontro vivo e pessoal com a pessoa de Jesus Cristo, porta de salva\u00e7\u00e3o (cf. <em>Jo<\/em> 10,7.9).<\/p>\n\n\n\n<p>O Papa Francisco convocou toda a Igreja para a celebra\u00e7\u00e3o do Jubileu ordin\u00e1rio do ano 2025, com o in\u00edcio da abertura da porta santa da Bas\u00edlica de S\u00e3o Pedro, no Vaticano, no dia 24 de dezembro do corrente m\u00eas. No dia 29 de dezembro, festa da Sagrada Fam\u00edlia, as dioceses d\u00e3o in\u00edcio \u00e0 abertura solene do Ano Jubilar.<\/p>\n\n\n\n<p>Tal como referi na Mensagem de Natal, o Jubileu \u00e9 um tempo favor\u00e1vel \u00e0 convers\u00e3o e \u00e0 reconcilia\u00e7\u00e3o entre todos os membros das nossas comunidades. Somos peregrinos da esperan\u00e7a e precisamos de transbordar esperan\u00e7a (cf. <em>Rom<\/em> 15,13) para testemunhar de modo cred\u00edvel e atraente a f\u00e9 e o amor que trazemos no cora\u00e7\u00e3o; para que a f\u00e9 seja jubilosa, a caridade entusiasta; para que cada um seja capaz de oferecer um sorriso, um gesto de amizade, um olhar fraterno, sabendo que no Esp\u00edrito de Jesus, isso pode tornar-se uma semente de esperan\u00e7a para toda a humanidade.<\/p>\n\n\n\n<p>O jubileu caracteriza-se pela peregrina\u00e7\u00e3o e pela Indulg\u00eancia Jubilar, onde a celebra\u00e7\u00e3o do sacramento da Penit\u00eancia deve ocupar um lugar importante. O Catecismo da Igreja Cat\u00f3lica ensina-nos que \u00abtodo o pecado, mesmo venial, traz consigo um apego desordenado \u00e0s criaturas, o qual precisa de ser purificado, quer nesta vida quer depois da morte, num estado que se chama purgat\u00f3rio\u00bb (n\u00ba1472). A convers\u00e3o de cada um de n\u00f3s n\u00e3o muda o que j\u00e1 aconteceu na nossa vida, mas pode permitir-nos mudar o futuro e vivermos de modo diferente.<\/p>\n\n\n\n<p>Por decis\u00e3o do Conselho de Arciprestes, para al\u00e9m da Catedral, como Igreja m\u00e3e da Diocese, tamb\u00e9m \u00e9 declarada Igreja Jubilar o Santu\u00e1rio de Nossa Senhora de Vagos.<\/p>\n\n\n\n<p>A abertura solene do Ano Jubilar acontecer\u00e1 \u00e0s 16 horas do dia 29, com a concentra\u00e7\u00e3o de todos os peregrinos junto do t\u00famulo de Santa Joana, seguindo-se a prociss\u00e3o de entrada na Catedral e a celebra\u00e7\u00e3o da Eucaristia. No dia 1 de janeiro, Dia Mundial da Paz, o bispo diocesano celebra a Eucaristia no Santu\u00e1rio de Nossa Senhora de Vagos, \u00e0s 17 horas.<\/p>\n\n\n\n<p>Nas igrejas jubilares haver\u00e1, ao longo do ano, peregrina\u00e7\u00f5es dos v\u00e1rios setores de pastoral e um servi\u00e7o organizado de confiss\u00f5es.<\/p>\n\n\n\n<p>Apelamos a que todas as par\u00f3quias se fa\u00e7am representar, para que em conjunto possamos celebrar e fazer a experi\u00eancia de Igreja que vive o seu encontro com Cristo e com os irm\u00e3os.<\/p>\n\n\n\n<p>Que a for\u00e7a da esperan\u00e7a encha o nosso cora\u00e7\u00e3o e saibamos seme\u00e1-la \u00e0 nossa volta.<\/p>\n\n\n\n<p class=\"has-text-align-center\">Aveiro, 15 de dezembro de 2024<\/p>\n\n\n\n<p class=\"has-text-align-center\"><em>\u2020<\/em><em> <\/em>Ant\u00f3nio Manuel Moiteiro Ramos,<em> Bispo de Aveiro<\/em><\/p>\n","protected":false},"excerpt":{"rendered":"<p>Nota Pastoral do Bispo de Aveiro Jubileu Peregrinos da Esperan\u00e7a &#8211; A esperan\u00e7a n\u00e3o engana Um jubileu \u00e9 sempre um acontecimento festivo, momento de alegria, porque apela \u00e0 convers\u00e3o e \u00e0 mudan\u00e7a de vida. \u00c9 um convite e um tempo para refletir, mas tamb\u00e9m um tempo de esperan\u00e7a. Numa \u00e9poca em que assistimos a tantos sinais de guerra, destrui\u00e7\u00e3o, persegui\u00e7\u00e3o, [&hellip;]<\/p>\n","protected":false},"author":1,"featured_media":2773,"comment_status":"open","ping_status":"open","sticky":false,"template":"","format":"standard","meta":{"pagelayer_contact_templates":[],"_pagelayer_content":"","footnotes":""},"categories":[46,38,32,11,41],"tags":[],"class_list":["post-2772","post","type-post","status-publish","format-standard","has-post-thumbnail","hentry","category-bispo","category-destaque","category-nota-pastoral","category-noticias","category-vai-acontecer"],"_links":{"self":[{"href":"http:\/\/diocese-aveiro.pt\/v3\/wp-json\/wp\/v2\/posts\/2772","targetHints":{"allow":["GET"]}}],"collection":[{"href":"http:\/\/diocese-aveiro.pt\/v3\/wp-json\/wp\/v2\/posts"}],"about":[{"href":"http:\/\/diocese-aveiro.pt\/v3\/wp-json\/wp\/v2\/types\/post"}],"author":[{"embeddable":true,"href":"http:\/\/diocese-aveiro.pt\/v3\/wp-json\/wp\/v2\/users\/1"}],"replies":[{"embeddable":true,"href":"http:\/\/diocese-aveiro.pt\/v3\/wp-json\/wp\/v2\/comments?post=2772"}],"version-history":[{"count":1,"href":"http:\/\/diocese-aveiro.pt\/v3\/wp-json\/wp\/v2\/posts\/2772\/revisions"}],"predecessor-version":[{"id":2774,"href":"http:\/\/diocese-aveiro.pt\/v3\/wp-json\/wp\/v2\/posts\/2772\/revisions\/2774"}],"wp:featuredmedia":[{"embeddable":true,"href":"http:\/\/diocese-aveiro.pt\/v3\/wp-json\/wp\/v2\/media\/2773"}],"wp:attachment":[{"href":"http:\/\/diocese-aveiro.pt\/v3\/wp-json\/wp\/v2\/media?parent=2772"}],"wp:term":[{"taxonomy":"category","embeddable":true,"href":"http:\/\/diocese-aveiro.pt\/v3\/wp-json\/wp\/v2\/categories?post=2772"},{"taxonomy":"post_tag","embeddable":true,"href":"http:\/\/diocese-aveiro.pt\/v3\/wp-json\/wp\/v2\/tags?post=2772"}],"curies":[{"name":"wp","href":"https:\/\/api.w.org\/{rel}","templated":true}]}}