{"id":2720,"date":"2024-10-25T15:48:19","date_gmt":"2024-10-25T14:48:19","guid":{"rendered":"https:\/\/diocese-aveiro.pt\/v3\/?p=2720"},"modified":"2024-10-25T16:53:15","modified_gmt":"2024-10-25T15:53:15","slug":"nomeacao-de-arciprestes-para-o-trienio-2024-2027","status":"publish","type":"post","link":"http:\/\/diocese-aveiro.pt\/v3\/2024\/10\/25\/nomeacao-de-arciprestes-para-o-trienio-2024-2027\/","title":{"rendered":"Nomea\u00e7\u00e3o de arciprestes para o tri\u00e9nio 2024-2027"},"content":{"rendered":"\n<p>O Arciprestado, segundo as orienta\u00e7\u00f5es do Conc\u00edlio Vaticano II, \u00e9, fundamentalmente, um conjunto de Par\u00f3quias com o qual est\u00e1 configurada territorialmente a Diocese \u00abpara facilitar a assist\u00eancia pastoral de uma atividade comum\u00bb <em>(Diret\u00f3rio para o Minist\u00e9rio Pastoral dos Bispos &#8211; DMPB, 217<\/em><em>).<\/em><\/p>\n\n\n\n<p>O Arciprestado ser\u00e1, por isso, na Diocese, a unidade primordial da a\u00e7\u00e3o pastoral, coordenada a n\u00edvel territorial. (\u2026) Tem por miss\u00e3o refletir sobre as realidades humanas e eclesiais do territ\u00f3rio, encontrar orienta\u00e7\u00f5es pastorais comuns, aplicar o plano e programas diocesanos, estimular, coordenar e avaliar as atividades apost\u00f3licas e pastorais de todo o arciprestado e dos servi\u00e7os diocesanos especializados que nele atuam (<em>Legisla\u00e7\u00e3o Diocesana<\/em>, n\u00ba 3).<\/p>\n\n\n\n<p>O tri\u00e9nio pastoral que estamos a iniciar e que coincide com o mandato dos novos arciprestes tem tr\u00eas palavras-chave: corresponsabilidade, sinodalidade e ministerialidade.<\/p>\n\n\n\n<p>A corresponsabilidade exige a participa\u00e7\u00e3o de todos os batizados e n\u00e3o podemos falar de sinodalidade se n\u00e3o houver empenho e dedica\u00e7\u00e3o de todos neste caminho que estamos a trilhar. Num tempo em que somos convidados a uma reestrutura\u00e7\u00e3o da Diocese a forma\u00e7\u00e3o para os minist\u00e9rios laicais \u00e9 fundamental para a renova\u00e7\u00e3o pastoral.<\/p>\n\n\n\n<p>Para o pr\u00f3ximo tri\u00e9nio de 2024-2027 nomeio os seguintes arciprestes:<\/p>\n\n\n\n<p>P. Jo\u00e3o Paulo Sarabando Marques (Arciprestado de \u00c1gueda)<\/p>\n\n\n\n<p>P. Querubim Jos\u00e9 Pereira da Silva (Arciprestado de Albergaria-a-Velha)<\/p>\n\n\n\n<p>P. Ant\u00f3nio Manuel Torr\u00e3o da Cruz (Arciprestado de Anadia)<\/p>\n\n\n\n<p>P. Jo\u00e3o Miguel Ara\u00fajo Alves (Arciprestado de Aveiro)<\/p>\n\n\n\n<p>P. Jo\u00e3o Paulo Soares Henriques (Arciprestado de Estarreja \u2013 Murtosa)<\/p>\n\n\n\n<p>P. Gustavo Andr\u00e9 da Silva Fernandes (Arciprestado de \u00cdlhavo)<\/p>\n\n\n\n<p>P. Ab\u00edlio Manuel Ferreira Ara\u00fajo (Arciprestado de Oliveira do Bairro);<\/p>\n\n\n\n<p>P. Virg\u00edlio Susana e Maia (Arciprestado de Sever do Vouga)<\/p>\n\n\n\n<p>P. Jos\u00e9 Carlos Gabriel Pereira (Arciprestado de Vagos).<\/p>\n\n\n\n<p><em>A tomada de posse ser\u00e1 no dia 30 de outubro na reuni\u00e3o do Conselho de Arciprestes a ter lugar no semin\u00e1rio de Aveiro.<\/em><\/p>\n\n\n\n<p class=\"has-text-align-center\">Aveiro, 25 de outubro de 2024.<\/p>\n\n\n\n<p class=\"has-text-align-center\"><em>+ Ant\u00f3nio Manuel Moiteiro Ramos, bispo de Aveiro<\/em><\/p>\n","protected":false},"excerpt":{"rendered":"<p>O Arciprestado, segundo as orienta\u00e7\u00f5es do Conc\u00edlio Vaticano II, \u00e9, fundamentalmente, um conjunto de Par\u00f3quias com o qual est\u00e1 configurada territorialmente a Diocese \u00abpara facilitar a assist\u00eancia pastoral de uma atividade comum\u00bb (Diret\u00f3rio para o Minist\u00e9rio Pastoral dos Bispos &#8211; DMPB, 217). O Arciprestado ser\u00e1, por isso, na Diocese, a unidade primordial da a\u00e7\u00e3o pastoral, coordenada a n\u00edvel territorial. (\u2026) [&hellip;]<\/p>\n","protected":false},"author":1,"featured_media":2671,"comment_status":"open","ping_status":"open","sticky":false,"template":"","format":"standard","meta":{"pagelayer_contact_templates":[],"_pagelayer_content":"","footnotes":""},"categories":[46,38,16,11],"tags":[],"class_list":["post-2720","post","type-post","status-publish","format-standard","has-post-thumbnail","hentry","category-bispo","category-destaque","category-nomeacoes","category-noticias"],"_links":{"self":[{"href":"http:\/\/diocese-aveiro.pt\/v3\/wp-json\/wp\/v2\/posts\/2720","targetHints":{"allow":["GET"]}}],"collection":[{"href":"http:\/\/diocese-aveiro.pt\/v3\/wp-json\/wp\/v2\/posts"}],"about":[{"href":"http:\/\/diocese-aveiro.pt\/v3\/wp-json\/wp\/v2\/types\/post"}],"author":[{"embeddable":true,"href":"http:\/\/diocese-aveiro.pt\/v3\/wp-json\/wp\/v2\/users\/1"}],"replies":[{"embeddable":true,"href":"http:\/\/diocese-aveiro.pt\/v3\/wp-json\/wp\/v2\/comments?post=2720"}],"version-history":[{"count":2,"href":"http:\/\/diocese-aveiro.pt\/v3\/wp-json\/wp\/v2\/posts\/2720\/revisions"}],"predecessor-version":[{"id":2722,"href":"http:\/\/diocese-aveiro.pt\/v3\/wp-json\/wp\/v2\/posts\/2720\/revisions\/2722"}],"wp:featuredmedia":[{"embeddable":true,"href":"http:\/\/diocese-aveiro.pt\/v3\/wp-json\/wp\/v2\/media\/2671"}],"wp:attachment":[{"href":"http:\/\/diocese-aveiro.pt\/v3\/wp-json\/wp\/v2\/media?parent=2720"}],"wp:term":[{"taxonomy":"category","embeddable":true,"href":"http:\/\/diocese-aveiro.pt\/v3\/wp-json\/wp\/v2\/categories?post=2720"},{"taxonomy":"post_tag","embeddable":true,"href":"http:\/\/diocese-aveiro.pt\/v3\/wp-json\/wp\/v2\/tags?post=2720"}],"curies":[{"name":"wp","href":"https:\/\/api.w.org\/{rel}","templated":true}]}}