{"id":2544,"date":"2024-04-23T17:16:03","date_gmt":"2024-04-23T16:16:03","guid":{"rendered":"https:\/\/diocese-aveiro.pt\/v3\/?p=2544"},"modified":"2024-04-23T17:16:03","modified_gmt":"2024-04-23T16:16:03","slug":"apresentacao-do-relatorio-liberdade-religiosa-no-mundo","status":"publish","type":"post","link":"http:\/\/diocese-aveiro.pt\/v3\/2024\/04\/23\/apresentacao-do-relatorio-liberdade-religiosa-no-mundo\/","title":{"rendered":"Apresenta\u00e7\u00e3o do Relat\u00f3rio \u201cLiberdade Religiosa no Mundo\u201d"},"content":{"rendered":"\n<p>A Funda\u00e7\u00e3o Ajuda a Igreja que Sofre [AIS] apresentar\u00e1 no pr\u00f3ximo dia 16 de maio, pelas 21h30 no Semin\u00e1rio de Aveiro, o Relat\u00f3rio Liberdade Religiosa no Mundo que analisa o per\u00edodo de dois anos entre janeiro de 2021 e dezembro de 2022.<\/p>\n\n\n\n<p><em>A liberdade de pensamento, de consci\u00eancia e de religi\u00e3o \u00e9 um direto humano fundamental que tem enfrentado desafios significativos em todo o mundo\u2026<\/em><\/p>\n\n\n\n\n\n<p>Esta apresenta\u00e7\u00e3o, conjunta com a Comiss\u00e3o Diocesana da Cultura e a Comiss\u00e3o Diocesana Justi\u00e7a e Paz, ter\u00e1 como intervenientes D. Ant\u00f3nio Moiteiro, Bispo de Aveiro, Catarina Martins de Bettencourt, diretora da Funda\u00e7\u00e3o AIS e Paulo Aido, jornalista da Funda\u00e7\u00e3o AIS.<\/p>\n\n\n\n<figure class=\"wp-block-embed is-type-video is-provider-youtube wp-block-embed-youtube wp-embed-aspect-16-9 wp-has-aspect-ratio\"><div class=\"wp-block-embed__wrapper\">\n<iframe title=\"Liberdade Religiosa no Mundo | Relat\u00f3rio 2023\" width=\"640\" height=\"360\" src=\"https:\/\/www.youtube.com\/embed\/YhqJHAqVX9o?feature=oembed\" frameborder=\"0\" allow=\"accelerometer; autoplay; clipboard-write; encrypted-media; gyroscope; picture-in-picture; web-share\" referrerpolicy=\"strict-origin-when-cross-origin\" allowfullscreen><\/iframe>\n<\/div><\/figure>\n","protected":false},"excerpt":{"rendered":"<p>A Funda\u00e7\u00e3o Ajuda a Igreja que Sofre [AIS] apresentar\u00e1 no pr\u00f3ximo dia 16 de maio, pelas 21h30 no Semin\u00e1rio de Aveiro, o Relat\u00f3rio Liberdade Religiosa no Mundo que analisa o per\u00edodo de dois anos entre janeiro de 2021 e dezembro de 2022. A liberdade de pensamento, de consci\u00eancia e de religi\u00e3o \u00e9 um direto humano fundamental que tem enfrentado desafios [&hellip;]<\/p>\n","protected":false},"author":1,"featured_media":2554,"comment_status":"open","ping_status":"open","sticky":false,"template":"","format":"standard","meta":{"pagelayer_contact_templates":[],"_pagelayer_content":"","footnotes":""},"categories":[22,38,11,41],"tags":[],"class_list":["post-2544","post","type-post","status-publish","format-standard","has-post-thumbnail","hentry","category-cultura","category-destaque","category-noticias","category-vai-acontecer"],"_links":{"self":[{"href":"http:\/\/diocese-aveiro.pt\/v3\/wp-json\/wp\/v2\/posts\/2544","targetHints":{"allow":["GET"]}}],"collection":[{"href":"http:\/\/diocese-aveiro.pt\/v3\/wp-json\/wp\/v2\/posts"}],"about":[{"href":"http:\/\/diocese-aveiro.pt\/v3\/wp-json\/wp\/v2\/types\/post"}],"author":[{"embeddable":true,"href":"http:\/\/diocese-aveiro.pt\/v3\/wp-json\/wp\/v2\/users\/1"}],"replies":[{"embeddable":true,"href":"http:\/\/diocese-aveiro.pt\/v3\/wp-json\/wp\/v2\/comments?post=2544"}],"version-history":[{"count":1,"href":"http:\/\/diocese-aveiro.pt\/v3\/wp-json\/wp\/v2\/posts\/2544\/revisions"}],"predecessor-version":[{"id":2555,"href":"http:\/\/diocese-aveiro.pt\/v3\/wp-json\/wp\/v2\/posts\/2544\/revisions\/2555"}],"wp:featuredmedia":[{"embeddable":true,"href":"http:\/\/diocese-aveiro.pt\/v3\/wp-json\/wp\/v2\/media\/2554"}],"wp:attachment":[{"href":"http:\/\/diocese-aveiro.pt\/v3\/wp-json\/wp\/v2\/media?parent=2544"}],"wp:term":[{"taxonomy":"category","embeddable":true,"href":"http:\/\/diocese-aveiro.pt\/v3\/wp-json\/wp\/v2\/categories?post=2544"},{"taxonomy":"post_tag","embeddable":true,"href":"http:\/\/diocese-aveiro.pt\/v3\/wp-json\/wp\/v2\/tags?post=2544"}],"curies":[{"name":"wp","href":"https:\/\/api.w.org\/{rel}","templated":true}]}}