{"id":2504,"date":"2024-04-11T10:57:03","date_gmt":"2024-04-11T09:57:03","guid":{"rendered":"https:\/\/diocese-aveiro.pt\/v3\/?p=2504"},"modified":"2024-04-11T10:58:00","modified_gmt":"2024-04-11T09:58:00","slug":"chamados-a-semear-a-esperanca-e-a-construir-a-paz","status":"publish","type":"post","link":"http:\/\/diocese-aveiro.pt\/v3\/2024\/04\/11\/chamados-a-semear-a-esperanca-e-a-construir-a-paz\/","title":{"rendered":"&#8220;Chamados a semear a esperan\u00e7a e a construir a paz&#8221;"},"content":{"rendered":"\n<div class=\"wp-block-group is-vertical is-layout-flex wp-container-core-group-is-layout-8cf370e7 wp-block-group-is-layout-flex\">\n<p class=\"has-text-align-center\"><strong><em>Semana de ora\u00e7\u00e3o pelas Voca\u00e7\u00f5es &#8211; 2024<\/em><\/strong><\/p>\n\n\n\n<p class=\"has-text-align-center\">14 a 21 de abril de 2024<\/p>\n<\/div>\n\n\n\n<p class=\"has-text-align-right\">&#8220;Queridos irm\u00e3os e irm\u00e3s!<br>O Dia Mundial de Ora\u00e7\u00e3o pelas Voca\u00e7\u00f5es convida-nos, cada ano, a considerar o precioso dom da<br>chamada que o Senhor dirige a cada um de n\u00f3s, seu povo fiel em caminho, pois d\u00e1-nos a<br>possibilidade de tomar parte no seu projeto de amor e encarnar a beleza do Evangelho nos<br>diferentes estados de vida. A escuta da chamada divina, longe de ser um dever imposto de fora \u2013<br>talvez em nome de um ideal religioso \u2013, \u00e9 antes o modo mais seguro que temos de alimentar o<br>desejo de felicidade que trazemos no nosso \u00edntimo: a nossa vida realiza-se e torna-se plena<br>quando descobrimos quem somos, as qualidades que temos e o campo onde \u00e9 poss\u00edvel p\u00f4-las a<br>render, quando descobrimos que estrada podemos percorrer para nos tornarmos sinal e<br>instrumento de amor, acolhimento, beleza e paz nos contextos onde vivemos.&#8221;<br>Papa Francisco, na mensagem para o LXI DIA MUNDIAL DE ORA\u00c7\u00c3O PELAS VOCA\u00c7\u00d5ES<\/p>\n\n\n\n<p>O <strong><em>servi\u00e7o de voca\u00e7\u00f5es, acolhimento e forma\u00e7\u00e3o espiritua<\/em><\/strong><em><strong>l<\/strong><\/em> da nossa diocese promove nesta semana de ora\u00e7\u00e3o pelas voca\u00e7\u00f5es, uma Vig\u00edlia de Ora\u00e7\u00e3o a ter lugar dia 19 de abril pelas 21h00 na Igreja Matriz da Borralha.<\/p>\n\n\n\n<p>Partilhamos subs\u00eddios para a viv\u00eancia da Semana de Ora\u00e7\u00e3o pelas Voca\u00e7\u00f5es:<\/p>\n\n\n\n<ul class=\"wp-block-list\">\n<li>cartaz<\/li>\n\n\n\n<li><a href=\"https:\/\/www.dropbox.com\/scl\/fi\/8gqfjwopnhvax323onckr\/Voca-es_24_nota-pastoral-presidente-cevm.docx?rlkey=2bn5wvukx0rd6advjvap9o8z9&amp;dl=0\">&#8220;Para quem sou eu?&#8221;; Nota pastoral do presidente da CEVM<\/a><\/li>\n\n\n\n<li><a href=\"https:\/\/www.dropbox.com\/scl\/fo\/qq7guijce9a9rlgcvchgu\/h?dl=0&amp;preview=Voca%C3%A7%C3%B5es_24_ora%C3%A7%C3%A3o.docx&amp;rlkey=rd807qz259j7tjg5d1azr38al\">ora\u00e7\u00e3o\/ pagela<\/a><\/li>\n\n\n\n<li><a href=\"https:\/\/www.dropbox.com\/scl\/fo\/vmahh1p4cza3f2i1mswqm\/h?rlkey=rz8b3m075rljn561qd84hscjb&amp;dl=0\">momentos de ora\u00e7\u00e3o [em fam\u00edlia, adora\u00e7\u00e3o eucar\u00edstica, lectio divina, ter\u00e7o, liturgia, vig\u00edlia de ora\u00e7\u00e3o]<\/a><\/li>\n\n\n\n<li><a href=\"https:\/\/www.dropbox.com\/scl\/fo\/btsrb89zhkae2e36i2lsh\/h?rlkey=q0o0md1xr20olwr63x25kpeaj&amp;dl=0\">encontros de forma\u00e7\u00e3o [crian\u00e7as, adolescentes, jovens e fam\u00edlias]<\/a><\/li>\n\n\n\n<li><a href=\"https:\/\/www.vatican.va\/content\/francesco\/pt\/messages\/vocations\/documents\/20240421-messaggio-61-gm-vocazioni.html\">mensagem do Papa Francisco para o 61\u00ba dia mundial de ora\u00e7\u00e3o pelas voca\u00e7\u00f5es<\/a><\/li>\n<\/ul>\n\n\n\n<figure class=\"wp-block-image size-large\"><img fetchpriority=\"high\" decoding=\"async\" width=\"1024\" height=\"768\" src=\"https:\/\/diocese-aveiro.pt\/v3\/wp-content\/uploads\/2024\/04\/vocacoes_oracao-1024x768.jpg\" alt=\"\" class=\"wp-image-2505\" srcset=\"http:\/\/diocese-aveiro.pt\/v3\/wp-content\/uploads\/2024\/04\/vocacoes_oracao-1024x768.jpg 1024w, http:\/\/diocese-aveiro.pt\/v3\/wp-content\/uploads\/2024\/04\/vocacoes_oracao-300x225.jpg 300w, http:\/\/diocese-aveiro.pt\/v3\/wp-content\/uploads\/2024\/04\/vocacoes_oracao-768x576.jpg 768w, http:\/\/diocese-aveiro.pt\/v3\/wp-content\/uploads\/2024\/04\/vocacoes_oracao.jpg 1200w\" sizes=\"(max-width: 1024px) 100vw, 1024px\" \/><\/figure>\n","protected":false},"excerpt":{"rendered":"<p>Semana de ora\u00e7\u00e3o pelas Voca\u00e7\u00f5es &#8211; 2024 14 a 21 de abril de 2024 &#8220;Queridos irm\u00e3os e irm\u00e3s!O Dia Mundial de Ora\u00e7\u00e3o pelas Voca\u00e7\u00f5es convida-nos, cada ano, a considerar o precioso dom dachamada que o Senhor dirige a cada um de n\u00f3s, seu povo fiel em caminho, pois d\u00e1-nos apossibilidade de tomar parte no seu projeto de amor e encarnar [&hellip;]<\/p>\n","protected":false},"author":1,"featured_media":2506,"comment_status":"open","ping_status":"open","sticky":false,"template":"","format":"standard","meta":{"pagelayer_contact_templates":[],"_pagelayer_content":"","footnotes":""},"categories":[38,11,45,40],"tags":[],"class_list":["post-2504","post","type-post","status-publish","format-standard","has-post-thumbnail","hentry","category-destaque","category-noticias","category-subsidios","category-vocacoes"],"_links":{"self":[{"href":"http:\/\/diocese-aveiro.pt\/v3\/wp-json\/wp\/v2\/posts\/2504","targetHints":{"allow":["GET"]}}],"collection":[{"href":"http:\/\/diocese-aveiro.pt\/v3\/wp-json\/wp\/v2\/posts"}],"about":[{"href":"http:\/\/diocese-aveiro.pt\/v3\/wp-json\/wp\/v2\/types\/post"}],"author":[{"embeddable":true,"href":"http:\/\/diocese-aveiro.pt\/v3\/wp-json\/wp\/v2\/users\/1"}],"replies":[{"embeddable":true,"href":"http:\/\/diocese-aveiro.pt\/v3\/wp-json\/wp\/v2\/comments?post=2504"}],"version-history":[{"count":3,"href":"http:\/\/diocese-aveiro.pt\/v3\/wp-json\/wp\/v2\/posts\/2504\/revisions"}],"predecessor-version":[{"id":2509,"href":"http:\/\/diocese-aveiro.pt\/v3\/wp-json\/wp\/v2\/posts\/2504\/revisions\/2509"}],"wp:featuredmedia":[{"embeddable":true,"href":"http:\/\/diocese-aveiro.pt\/v3\/wp-json\/wp\/v2\/media\/2506"}],"wp:attachment":[{"href":"http:\/\/diocese-aveiro.pt\/v3\/wp-json\/wp\/v2\/media?parent=2504"}],"wp:term":[{"taxonomy":"category","embeddable":true,"href":"http:\/\/diocese-aveiro.pt\/v3\/wp-json\/wp\/v2\/categories?post=2504"},{"taxonomy":"post_tag","embeddable":true,"href":"http:\/\/diocese-aveiro.pt\/v3\/wp-json\/wp\/v2\/tags?post=2504"}],"curies":[{"name":"wp","href":"https:\/\/api.w.org\/{rel}","templated":true}]}}