{"id":2481,"date":"2024-03-31T03:00:37","date_gmt":"2024-03-31T02:00:37","guid":{"rendered":"https:\/\/diocese-aveiro.pt\/v3\/?p=2481"},"modified":"2024-03-31T03:00:37","modified_gmt":"2024-03-31T02:00:37","slug":"vigilia-pascal-homilia","status":"publish","type":"post","link":"http:\/\/diocese-aveiro.pt\/v3\/2024\/03\/31\/vigilia-pascal-homilia\/","title":{"rendered":"Vig\u00edlia Pascal &#8211; Homilia"},"content":{"rendered":"\n<p>As leituras que foram proclamadas querem guiar-nos pelo caminho de Deus, isto \u00e9, conduzir-nos ao encontro com o Ressuscitado, aquele que nos oferece, por miseric\u00f3rdia, o amor de Deus.<\/p>\n\n\n\n<p>No in\u00edcio da celebra\u00e7\u00e3o, com a b\u00ean\u00e7\u00e3o do lume novo, pedimos que o Senhor nos conceda que a celebra\u00e7\u00e3o das festas pascais acenda em n\u00f3s o desejo do c\u00e9u, para merecermos chegar, com alma purificada, \u00e0s festas da luz eterna. No Prec\u00f3nio Pascal, a luz que brota do C\u00edrio Pascal dissipa as trevas da noite e, subindo at\u00e9 Deus, como suave perfume, junte a claridade \u00e0s estrelas do c\u00e9u.<\/p>\n\n\n\n<p>As v\u00e1rias leituras, sete do antigo Testamento e duas do Novo, Ep\u00edstola e Evangelho, conduzem-nos efetivamente ao encontro com o Ressuscitado. Celebrar a Vig\u00edlia Pascal \u00e9 aceitar e proclamar que a morte n\u00e3o tem a \u00faltima palavra, que a dor e o sofrimento inocentes t\u00eam significado no Crucificado, que venceu a morte e agora est\u00e1 vivo. Esta noite, devemos deixar que o nosso cora\u00e7\u00e3o se encha da alegria que nos oferece a ressurrei\u00e7\u00e3o de Jesus.<\/p>\n\n\n\n<p>Todo o Evangelho de S. Marcos, do qual ouvimos o relato do t\u00famulo vazio \u2013 \u201c<em>N\u00e3o vos assusteis. Procurais Jesus de Nazar\u00e9, o Crucificado? Ressuscitou, n\u00e3o est\u00e1 aqui<\/em>\u201d (<em>Mc<\/em> 16,6)\u201d &#8211; ordena-se \u00e0 revela\u00e7\u00e3o do mist\u00e9rio da ressurrei\u00e7\u00e3o do crucificado. Dirigido a umas mulheres que apenas pensam num morto (embalsamar o corpo), n\u00e3o encontram nada no t\u00famulo. A ressurrei\u00e7\u00e3o do crucificado n\u00e3o \u00e9 ideia de um homem, mas sim um ato de Deus. Logo no princ\u00edpio (In\u00edcio do Evangelho de Jesus Cristo, o Filho de Deus) se projeta a presen\u00e7a de Jesus vivo. Todo o Evangelho de Marcos est\u00e1 escrito e meditado na certeza da aceita\u00e7\u00e3o de que Jesus vive e fala hoje aos seus disc\u00edpulos \u2013 chama-os e explica-lhes a verdadeira identidade da sua Igreja.<\/p>\n\n\n\n<p>O grande desafio \u00e9 sermos testemunhas de Cristo ressuscitado. Seguir Jesus n\u00e3o \u00e9 uma op\u00e7\u00e3o cuja iniciativa seja nossa: os disc\u00edpulos s\u00e3o destinat\u00e1rios de um convite; \u00e9 Ele quem toma a iniciativa. O conte\u00fado do convite \u00e9 o pr\u00f3prio Jesus, por isso a resposta ao seu chamamento exige entrar na mesma din\u00e2mica que Ele imprimiu \u00e0 sua vida. A nossa identifica\u00e7\u00e3o com Cristo e os seus des\u00edgnios requerem o compromisso de vivermos em conformidade com Ele e de construirmos, com Ele, o Reino de amor, justi\u00e7a e paz para todos.&nbsp;<\/p>\n\n\n\n<p>Atualmente, a proposta que deve ser feita a todos \u00e9 a de despertar o desejo do Evangelho para, depois, chegarmos \u00e0 maturidade crist\u00e3. Na Exorta\u00e7\u00e3o Apost\u00f3lica \u201cA <em>Alegria do Evangelho<\/em>\u201d, o Papa Francisco insiste que o <em>an\u00fancio de Cristo vivo e ressuscitado<\/em> deve ocupar o centro da atividade evangelizadora e de toda a tentativa de renova\u00e7\u00e3o eclesial.<\/p>\n\n\n\n<p>Estamos num mundo cheio de m\u00e1s not\u00edcias, que parece n\u00e3o ter uma meta para onde caminhar e onde existem sinais de guerra (R\u00fassia, Ucr\u00e2nia, M\u00e9dio Oriente, Faixa de Gaza, conflitos terroristas em \u00c1frica, Haiti e tantas outras zonas do mundo\u2026). N\u00f3s, os crist\u00e3os, acreditamos e continuamos a afirmar que a Vida em abund\u00e2ncia est\u00e1 connosco, que Deus n\u00e3o ficou no t\u00famulo e que a for\u00e7a da ressurrei\u00e7\u00e3o de Jesus \u00e9 capaz de transformar as nossas vidas e o nosso mundo.<\/p>\n\n\n\n<p>\u201c<em>Ele vai \u00e0 nossa frente para a Galileia<\/em>\u201d (Vv7). Nesta noite, somos enviados a partilhar a nossa f\u00e9 no Deus da vida, com a comunidade, com a fam\u00edlia, com os amigos. \u00c9 importante voltarmos \u00e0 nossa galileia (a nossa vida) onde o Mestre nos chama para O seguirmos. Nos momentos de crise, de morte e de tristeza, temos de \u201cvoltar \u00e0 galileia\u201d porque somente a\u00ed podemos redescobrir a presen\u00e7a do Ressuscitado.<\/p>\n\n\n\n<p>Uma santa e feliz P\u00e1scoa para todos.<\/p>\n\n\n\n<p>Aveiro, 30 mar\u00e7o de 2024.<\/p>\n\n\n\n<p><em>\u2020 <\/em>Ant\u00f3nio Manuel Moiteiro Ramos, Bispo de Aveiro<\/p>\n","protected":false},"excerpt":{"rendered":"<p>As leituras que foram proclamadas querem guiar-nos pelo caminho de Deus, isto \u00e9, conduzir-nos ao encontro com o Ressuscitado, aquele que nos oferece, por miseric\u00f3rdia, o amor de Deus. No in\u00edcio da celebra\u00e7\u00e3o, com a b\u00ean\u00e7\u00e3o do lume novo, pedimos que o Senhor nos conceda que a celebra\u00e7\u00e3o das festas pascais acenda em n\u00f3s o desejo do c\u00e9u, para merecermos [&hellip;]<\/p>\n","protected":false},"author":1,"featured_media":2482,"comment_status":"open","ping_status":"open","sticky":false,"template":"","format":"standard","meta":{"pagelayer_contact_templates":[],"_pagelayer_content":"","footnotes":""},"categories":[46,38,31],"tags":[],"class_list":["post-2481","post","type-post","status-publish","format-standard","has-post-thumbnail","hentry","category-bispo","category-destaque","category-homilias"],"_links":{"self":[{"href":"http:\/\/diocese-aveiro.pt\/v3\/wp-json\/wp\/v2\/posts\/2481","targetHints":{"allow":["GET"]}}],"collection":[{"href":"http:\/\/diocese-aveiro.pt\/v3\/wp-json\/wp\/v2\/posts"}],"about":[{"href":"http:\/\/diocese-aveiro.pt\/v3\/wp-json\/wp\/v2\/types\/post"}],"author":[{"embeddable":true,"href":"http:\/\/diocese-aveiro.pt\/v3\/wp-json\/wp\/v2\/users\/1"}],"replies":[{"embeddable":true,"href":"http:\/\/diocese-aveiro.pt\/v3\/wp-json\/wp\/v2\/comments?post=2481"}],"version-history":[{"count":1,"href":"http:\/\/diocese-aveiro.pt\/v3\/wp-json\/wp\/v2\/posts\/2481\/revisions"}],"predecessor-version":[{"id":2483,"href":"http:\/\/diocese-aveiro.pt\/v3\/wp-json\/wp\/v2\/posts\/2481\/revisions\/2483"}],"wp:featuredmedia":[{"embeddable":true,"href":"http:\/\/diocese-aveiro.pt\/v3\/wp-json\/wp\/v2\/media\/2482"}],"wp:attachment":[{"href":"http:\/\/diocese-aveiro.pt\/v3\/wp-json\/wp\/v2\/media?parent=2481"}],"wp:term":[{"taxonomy":"category","embeddable":true,"href":"http:\/\/diocese-aveiro.pt\/v3\/wp-json\/wp\/v2\/categories?post=2481"},{"taxonomy":"post_tag","embeddable":true,"href":"http:\/\/diocese-aveiro.pt\/v3\/wp-json\/wp\/v2\/tags?post=2481"}],"curies":[{"name":"wp","href":"https:\/\/api.w.org\/{rel}","templated":true}]}}