{"id":2444,"date":"2024-03-20T11:04:46","date_gmt":"2024-03-20T11:04:46","guid":{"rendered":"https:\/\/diocese-aveiro.pt\/v3\/?p=2444"},"modified":"2024-03-20T12:11:10","modified_gmt":"2024-03-20T12:11:10","slug":"2444","status":"publish","type":"post","link":"http:\/\/diocese-aveiro.pt\/v3\/2024\/03\/20\/2444\/","title":{"rendered":"SEMANA SANTA NA S\u00c9 DE AVEIRO"},"content":{"rendered":"\n<p>D. Ant\u00f3nio Moiteiro preside \u00e0s celebra\u00e7\u00f5es da Semana Santa, na S\u00e9 de Aveiro.<\/p>\n\n\n\n<p>24 de mar\u00e7o pelas 11h00<br><strong>DOMINGO DE RAMOS NA PAIX\u00c3O DO SENHOR<br><\/strong><em>Neste dia, a Igreja recorda a entrada de Cristo, o Senhor, em Jerusal\u00e9m, para consumar o seu mist\u00e9rio pascal.<\/em><br>B\u00ean\u00e7\u00e3o dos Ramos junto \u00e0 Igreja de Santo Ant\u00f3nio e prociss\u00e3o para a S\u00e9, seguindo a Eucaristia<\/p>\n\n\n\n<p>Quinta-feira, 28 de mar\u00e7o pelas 10h00*<br><strong>EUCARISTIA CRISMAL<br><\/strong><em>Nesta celebra\u00e7\u00e3o, o bispo, rodeado pelo seu presbit\u00e9rio e pelo seu povo, consagra o \u00f3leo do santo crisma e benze os \u00f3leos dos enfermos e dos catec\u00famenos, que, depois, ser\u00e3o usados, por toda a diocese, na administra\u00e7\u00e3o dos v\u00e1rios sacramentos. Os presb\u00edteros renovam ainda, nesta celebra\u00e7\u00e3o, as promessas sacerdotais que fizeram no dia da sua ordena\u00e7\u00e3o<\/em><\/p>\n\n\n\n<p>Quinta-feira, 28 de mar\u00e7o pelas 21H30*<br><strong>MISSA VESPERTINA DA CEIA DO SENHOR<br><\/strong>\u201c<em>\u00c0 noite, entrando no Tr\u00edduo Pascal, a comunidade crist\u00e3 revive na Missa &#8220;in Coena Domini&#8221; o que aconteceu na \u00faltima Ceia. Com o lava-p\u00e9s, repete-se o gesto com que Ele, tendo amado os seus, os amou at\u00e9 ao extremo e deixou aos disc\u00edpulos como seu distintivo este ato de humildade, o amor at\u00e9 \u00e0 morte\u201d<\/em><br>Eucaristia Vespertina da Ceia do Senhor, com lava-p\u00e9s e prociss\u00e3o da Sagrada Reserva.<\/p>\n\n\n\n<p>Sexta-feira, 29 de mar\u00e7o pelas 17h30*<br><strong>PAIX\u00c3O DO SENHOR<br><\/strong><em>A Sexta-Feira Santa, que comemora os eventos que v\u00e3o da condena\u00e7\u00e3o \u00e0 morte at\u00e9 \u00e0 crucifix\u00e3o de Cristo, \u00e9 um dia de penit\u00eancia, de jejum e de ora\u00e7\u00e3o, de participa\u00e7\u00e3o na Paix\u00e3o do Senhor. Esta Celebra\u00e7\u00e3o compreende tr\u00eas partes bem distintas: a Liturgia da Palavra, a Adora\u00e7\u00e3o da Cruz e a Comunh\u00e3o Eucar\u00edstica.<\/em><br>Celebra\u00e7\u00e3o Lit\u00fargica da Paix\u00e3o do Senhor, com adora\u00e7\u00e3o da Cruz e ofert\u00f3rio para os lugares santos.<\/p>\n\n\n\n<p>S\u00e1bado, 30 de mar\u00e7o pelas 21h30*<br><strong>VIG\u00cdLIA PASCAL<br><\/strong><em>A celebra\u00e7\u00e3o anual da Morte e Ressurrei\u00e7\u00e3o do Senhor tem o seu ponto culminante na Vig\u00edlia Pascal, cora\u00e7\u00e3o da liturgia crist\u00e3, centro do ano lit\u00fargico, a mais antiga, a mais sagrada, a mais rica de todas as celebra\u00e7\u00f5es, \u00aba m\u00e3e de todas as vig\u00edlias\u00bb (Santo Agostinho).<\/em><br>Celebra\u00e7\u00e3o da Vig\u00edlia Pascal da Ressurrei\u00e7\u00e3o do Senhor, com o lucern\u00e1rio, a liturgia da Palavra, a liturgia Batismal e a liturgia eucar\u00edstica.<\/p>\n\n\n\n<p class=\"has-text-align-right\"><em>*com transmiss\u00e3o em direto, em www.diocese-aveiro.pt<\/em><\/p>\n","protected":false},"excerpt":{"rendered":"<p>D. Ant\u00f3nio Moiteiro preside \u00e0s celebra\u00e7\u00f5es da Semana Santa, na S\u00e9 de Aveiro. 24 de mar\u00e7o pelas 11h00DOMINGO DE RAMOS NA PAIX\u00c3O DO SENHORNeste dia, a Igreja recorda a entrada de Cristo, o Senhor, em Jerusal\u00e9m, para consumar o seu mist\u00e9rio pascal.B\u00ean\u00e7\u00e3o dos Ramos junto \u00e0 Igreja de Santo Ant\u00f3nio e prociss\u00e3o para a S\u00e9, seguindo a Eucaristia Quinta-feira, 28 [&hellip;]<\/p>\n","protected":false},"author":1,"featured_media":2445,"comment_status":"open","ping_status":"open","sticky":false,"template":"","format":"standard","meta":{"pagelayer_contact_templates":[],"_pagelayer_content":"","footnotes":""},"categories":[38,11,41],"tags":[],"class_list":["post-2444","post","type-post","status-publish","format-standard","has-post-thumbnail","hentry","category-destaque","category-noticias","category-vai-acontecer"],"_links":{"self":[{"href":"http:\/\/diocese-aveiro.pt\/v3\/wp-json\/wp\/v2\/posts\/2444","targetHints":{"allow":["GET"]}}],"collection":[{"href":"http:\/\/diocese-aveiro.pt\/v3\/wp-json\/wp\/v2\/posts"}],"about":[{"href":"http:\/\/diocese-aveiro.pt\/v3\/wp-json\/wp\/v2\/types\/post"}],"author":[{"embeddable":true,"href":"http:\/\/diocese-aveiro.pt\/v3\/wp-json\/wp\/v2\/users\/1"}],"replies":[{"embeddable":true,"href":"http:\/\/diocese-aveiro.pt\/v3\/wp-json\/wp\/v2\/comments?post=2444"}],"version-history":[{"count":3,"href":"http:\/\/diocese-aveiro.pt\/v3\/wp-json\/wp\/v2\/posts\/2444\/revisions"}],"predecessor-version":[{"id":2448,"href":"http:\/\/diocese-aveiro.pt\/v3\/wp-json\/wp\/v2\/posts\/2444\/revisions\/2448"}],"wp:featuredmedia":[{"embeddable":true,"href":"http:\/\/diocese-aveiro.pt\/v3\/wp-json\/wp\/v2\/media\/2445"}],"wp:attachment":[{"href":"http:\/\/diocese-aveiro.pt\/v3\/wp-json\/wp\/v2\/media?parent=2444"}],"wp:term":[{"taxonomy":"category","embeddable":true,"href":"http:\/\/diocese-aveiro.pt\/v3\/wp-json\/wp\/v2\/categories?post=2444"},{"taxonomy":"post_tag","embeddable":true,"href":"http:\/\/diocese-aveiro.pt\/v3\/wp-json\/wp\/v2\/tags?post=2444"}],"curies":[{"name":"wp","href":"https:\/\/api.w.org\/{rel}","templated":true}]}}