{"id":2233,"date":"2011-11-01T15:33:00","date_gmt":"2011-11-01T15:33:00","guid":{"rendered":"http:\/\/diocese-aveiro.pt\/svicentebranca\/?p=2233"},"modified":"2011-11-01T15:33:00","modified_gmt":"2011-11-01T15:33:00","slug":"de-novo-juntos-com-jesus","status":"publish","type":"post","link":"http:\/\/diocese-aveiro.pt\/svicentebranca\/?p=2233","title":{"rendered":"De Novo Juntos com Jesus"},"content":{"rendered":"<div><b>Assim como Pedro, Tiago e Jo\u00e3o, n\u00f3s tamb\u00e9m te dizemos&#8230;<\/b><\/div>\n<div><b>&#8230;Mestre como \u00e9 bom estarmos aqui.<\/b><\/div>\n<p><\/p>\n<div><i>Quero estar sempre contigo<\/i><\/div>\n<div><i>Oh Jesus meu doce bem<\/i><\/div>\n<div><i>\u00c9s o meu melhor amigo<\/i><\/div>\n<div><i>Conta comigo tamb\u00e9m.<\/i><\/div>\n<div><\/div>\n<div><a href=\"http:\/\/1.bp.blogspot.com\/-FgzKzBL4kag\/TrAPiaYtfWI\/AAAAAAAAAQw\/gxgFoKj_Tc4\/s1600\/DSCF1388.JPG\" imageanchor=\"1\"><img decoding=\"async\" loading=\"lazy\" border=\"0\" height=\"310\" src=\"http:\/\/1.bp.blogspot.com\/-FgzKzBL4kag\/TrAPiaYtfWI\/AAAAAAAAAQw\/gxgFoKj_Tc4\/s400\/DSCF1388.JPG\" width=\"400\"><\/a><\/div>\n<div>(clique na imagem para ampliar)<\/div>\n<div><\/div>\n<div><span>2\u00ba Ano de Catequese de Soutelo<\/span><\/div>\n<p><\/p>\n","protected":false},"excerpt":{"rendered":"<p>Assim como Pedro, Tiago e Jo\u00e3o, n\u00f3s tamb\u00e9m te dizemos&#8230; &#8230;Mestre como \u00e9 bom estarmos aqui. Quero estar sempre contigo Oh Jesus meu doce bem \u00c9s o meu [&hellip;]<\/p>\n","protected":false},"author":1,"featured_media":0,"comment_status":"open","ping_status":"closed","sticky":false,"template":"","format":"standard","meta":[],"categories":[11],"tags":[],"_links":{"self":[{"href":"http:\/\/diocese-aveiro.pt\/svicentebranca\/index.php?rest_route=\/wp\/v2\/posts\/2233"}],"collection":[{"href":"http:\/\/diocese-aveiro.pt\/svicentebranca\/index.php?rest_route=\/wp\/v2\/posts"}],"about":[{"href":"http:\/\/diocese-aveiro.pt\/svicentebranca\/index.php?rest_route=\/wp\/v2\/types\/post"}],"author":[{"embeddable":true,"href":"http:\/\/diocese-aveiro.pt\/svicentebranca\/index.php?rest_route=\/wp\/v2\/users\/1"}],"replies":[{"embeddable":true,"href":"http:\/\/diocese-aveiro.pt\/svicentebranca\/index.php?rest_route=%2Fwp%2Fv2%2Fcomments&post=2233"}],"version-history":[{"count":0,"href":"http:\/\/diocese-aveiro.pt\/svicentebranca\/index.php?rest_route=\/wp\/v2\/posts\/2233\/revisions"}],"wp:attachment":[{"href":"http:\/\/diocese-aveiro.pt\/svicentebranca\/index.php?rest_route=%2Fwp%2Fv2%2Fmedia&parent=2233"}],"wp:term":[{"taxonomy":"category","embeddable":true,"href":"http:\/\/diocese-aveiro.pt\/svicentebranca\/index.php?rest_route=%2Fwp%2Fv2%2Fcategories&post=2233"},{"taxonomy":"post_tag","embeddable":true,"href":"http:\/\/diocese-aveiro.pt\/svicentebranca\/index.php?rest_route=%2Fwp%2Fv2%2Ftags&post=2233"}],"curies":[{"name":"wp","href":"https:\/\/api.w.org\/{rel}","templated":true}]}}