{"id":2232,"date":"2011-11-06T15:32:00","date_gmt":"2011-11-06T15:32:00","guid":{"rendered":"http:\/\/diocese-aveiro.pt\/svicentebranca\/?p=2232"},"modified":"2011-11-06T15:32:00","modified_gmt":"2011-11-06T15:32:00","slug":"xxxii-domingo-do-tempo-comum-6-de-novembro","status":"publish","type":"post","link":"http:\/\/diocese-aveiro.pt\/svicentebranca\/?p=2232","title":{"rendered":"XXXII Domingo do Tempo Comum &#8211; 6 de Novembro"},"content":{"rendered":"<div><a href=\"http:\/\/3.bp.blogspot.com\/-vnpjV56qiFs\/TramfP_ueWI\/AAAAAAAAAQ8\/fgTJleLYn3E\/s1600\/2.jpg\"><\/a><strong>Tema:<\/strong> Par\u00e1bola das Virgens Loucas e Prudentes<\/div>\n<div><a href=\"http:\/\/2.bp.blogspot.com\/-zGgOMWDmx6o\/TramgLF4dnI\/AAAAAAAAARI\/n-5MB0lUkZ4\/s1600\/3.jpg\" imageanchor=\"1\"><img decoding=\"async\" loading=\"lazy\" border=\"0\" height=\"132\" src=\"http:\/\/2.bp.blogspot.com\/-zGgOMWDmx6o\/TramgLF4dnI\/AAAAAAAAARI\/n-5MB0lUkZ4\/s200\/3.jpg\" width=\"200\"><\/a><\/div>\n<div><strong>1\u00aa Leitura:<\/strong> Sab 6, 12-16<\/div>\n<div><\/div>\n<div><strong>2\u00aa Leitura:<\/strong> 1 Tess 4, 13-18<\/div>\n<div><\/div>\n<div><strong>Evangelho: <\/strong>Mt 25,1-13<\/div>\n<div><\/div>\n<div><strong>Mensagem:<\/strong><\/div>\n<div><\/div>\n<div>O ensinamento da par\u00e1bola das \u201cvirgens loucas e prudentes\u201d desloca o centro de preocupa\u00e7\u00f5es dos disc\u00edpulos e, neles, o de todos os que se preocupam com o futuro. Mais do que saber quando e como acontece, importa estar preparado e vigilante, saber agir a tempo, tomar provid\u00eancias adequadas, alimentar a chama da esperan\u00e7a, aguentar os desafios da \u201cnoite\u201d que parece intermin\u00e1vel, manter-se activo e interveniente, ir ao encontro da \u201cnot\u00edcia\u201d que pode surpreender-nos. Eis que chega Aquele por quem ansiamos. Est\u00e1 a\u00ed, n\u00e3o o vedes?<\/div>\n<div><a href=\"http:\/\/3.bp.blogspot.com\/-vnpjV56qiFs\/TramfP_ueWI\/AAAAAAAAAQ8\/fgTJleLYn3E\/s1600\/2.jpg\" imageanchor=\"1\"><img decoding=\"async\" loading=\"lazy\" border=\"0\" height=\"200\" src=\"http:\/\/3.bp.blogspot.com\/-vnpjV56qiFs\/TramfP_ueWI\/AAAAAAAAAQ8\/fgTJleLYn3E\/s200\/2.jpg\" width=\"132\"><\/a><\/div>\n<div>Os sinais de que se reveste s\u00e3o acess\u00edveis\u2026 e surge o cortejo da bondade e paci\u00eancia de tantos, a disponibilidade e benefic\u00eancia de muitos, o despojamento volunt\u00e1rio de si e dos bens de alguns, a crescente sensibilidade social pelo que a todos diz respeito. Mas, os contra-sinais tamb\u00e9m s\u00e3o vis\u00edveis e interpelantes: a dorm\u00eancia e apatia, o frenesim de sorver o presente fugaz, o adiamento da resposta \u00e0s quest\u00f5es existenciais que a consci\u00eancia coloca, o ziguezague de quem faz op\u00e7\u00f5es \u201ca la carte\u201d, o culto da apar\u00eancia de circunst\u00e2ncia., a supremacia do econ\u00f3mico sobre o social e consequente crise de valores que deixam perceber o desnorteio de quem devia ter um rumo certo e um ideal comum mobilizador.<\/div>\n<div><\/div>\n<div><a href=\"http:\/\/1.bp.blogspot.com\/-ZeIL24Gckqs\/TrameW_T3jI\/AAAAAAAAAQ4\/RRbyXogNhao\/s1600\/1.jpg\" imageanchor=\"1\"><img decoding=\"async\" loading=\"lazy\" border=\"0\" height=\"178\" src=\"http:\/\/1.bp.blogspot.com\/-ZeIL24Gckqs\/TrameW_T3jI\/AAAAAAAAAQ4\/RRbyXogNhao\/s200\/1.jpg\" width=\"200\"><\/a><\/div>\n<div>Os sinais apontam e, por vezes, cont\u00eam a realidade. Como a semente em rela\u00e7\u00e3o \u00e0 \u00e1rvore. A plenitude acontecer\u00e1 no encontro do noivo que vem e da humanidade que vai, na comunh\u00e3o da oferta divina com o desejo humano, na festa do amor, t\u00e3o expressivamente simbolizada no cerimonial judaico das n\u00fapcias, no rito do casamento civil, no ritual do matrim\u00f3nio crist\u00e3o. De facto, o sinal por excel\u00eancia do reino de Deus tem a ver com o amor conjugal hetero-sexual, com a sabedoria do cora\u00e7\u00e3o, com a vigil\u00e2ncia prudente, com a espera atenta e paciente, sobretudo nas noites de tempestade relacional, com o perd\u00e3o reconciliador, com a aceita\u00e7\u00e3o inteligente do noivo \u2013 Jesus ressuscitado &#8211; que chega e quer aben\u00e7oar todos os esfor\u00e7os generosos. A abund\u00e2ncia do azeite e a intensidade da luz manifestam a exuber\u00e2ncia da festa a que estamos chamados no futuro e se realiza, agora, de modo sacramental na Eucaristia dominical.<\/div>\n<p><span><\/p>\n<div><span>Fonte: reflex\u00e3o\/coment\u00e1rio realizado pelo Pe. Georgino Rocha (adapta\u00e7\u00e3o)<\/span><\/div>\n<p><\/span><\/p>\n<div><\/div>\n<h6 data-ft='{\"type\":1}'><span data-ft='{\"type\":3}'><span> <\/span><\/span><\/h6>\n","protected":false},"excerpt":{"rendered":"<p>Tema: Par\u00e1bola das Virgens Loucas e Prudentes 1\u00aa Leitura: Sab 6, 12-16 2\u00aa Leitura: 1 Tess 4, 13-18 Evangelho: Mt 25,1-13 Mensagem: O ensinamento da par\u00e1bola das \u201cvirgens [&hellip;]<\/p>\n","protected":false},"author":1,"featured_media":0,"comment_status":"open","ping_status":"closed","sticky":false,"template":"","format":"standard","meta":[],"categories":[5,8],"tags":[],"_links":{"self":[{"href":"http:\/\/diocese-aveiro.pt\/svicentebranca\/index.php?rest_route=\/wp\/v2\/posts\/2232"}],"collection":[{"href":"http:\/\/diocese-aveiro.pt\/svicentebranca\/index.php?rest_route=\/wp\/v2\/posts"}],"about":[{"href":"http:\/\/diocese-aveiro.pt\/svicentebranca\/index.php?rest_route=\/wp\/v2\/types\/post"}],"author":[{"embeddable":true,"href":"http:\/\/diocese-aveiro.pt\/svicentebranca\/index.php?rest_route=\/wp\/v2\/users\/1"}],"replies":[{"embeddable":true,"href":"http:\/\/diocese-aveiro.pt\/svicentebranca\/index.php?rest_route=%2Fwp%2Fv2%2Fcomments&post=2232"}],"version-history":[{"count":0,"href":"http:\/\/diocese-aveiro.pt\/svicentebranca\/index.php?rest_route=\/wp\/v2\/posts\/2232\/revisions"}],"wp:attachment":[{"href":"http:\/\/diocese-aveiro.pt\/svicentebranca\/index.php?rest_route=%2Fwp%2Fv2%2Fmedia&parent=2232"}],"wp:term":[{"taxonomy":"category","embeddable":true,"href":"http:\/\/diocese-aveiro.pt\/svicentebranca\/index.php?rest_route=%2Fwp%2Fv2%2Fcategories&post=2232"},{"taxonomy":"post_tag","embeddable":true,"href":"http:\/\/diocese-aveiro.pt\/svicentebranca\/index.php?rest_route=%2Fwp%2Fv2%2Ftags&post=2232"}],"curies":[{"name":"wp","href":"https:\/\/api.w.org\/{rel}","templated":true}]}}