{"id":2230,"date":"2011-11-20T19:35:00","date_gmt":"2011-11-20T19:35:00","guid":{"rendered":"http:\/\/diocese-aveiro.pt\/svicentebranca\/?p=2230"},"modified":"2011-11-20T19:35:00","modified_gmt":"2011-11-20T19:35:00","slug":"solenidade-de-nosso-senhor-jesus-cristo-rei-do-universo","status":"publish","type":"post","link":"http:\/\/diocese-aveiro.pt\/svicentebranca\/?p=2230","title":{"rendered":"Solenidade de Nosso Senhor Jesus Cristo, Rei do Universo"},"content":{"rendered":"<div><\/div>\n<div><a href=\"http:\/\/www.flickr.com\/photos\/brostad\/45312379\/\" target=\"_blank\"><img decoding=\"async\" loading=\"lazy\" border=\"0\" height=\"300\" src=\"http:\/\/2.bp.blogspot.com\/-J9MxDdSY1Rk\/TslkQtpCCCI\/AAAAAAAAASs\/li2KotqBDfA\/s400\/cristo+rei.jpg\" width=\"400\"><\/a><\/div>\n<div><\/div>\n<div><b>Tema:<\/b> O Senhor \u00e9 meu pastor: nada me faltar\u00e1 <\/p>\n<p><b>1\u00aa Leitura: <\/b>Ez 34,11-12.15-17 <\/p>\n<p><b>2\u00aa Leitura:<\/b> 1 Cor 15,20-26.28 <\/p>\n<p><b>Evangelho:<\/b> Mt 25,31-46<\/p>\n<\/div>\n<div><\/div>\n<div><\/div>\n<div><\/div>\n<div><b>Mensagem:<\/b> <\/p>\n<p>O texto deste domingo apresenta o quadro grandioso do Filho do Homem que facilmente identificamos com a pessoa de Jesus. Ele vem como juiz divino e com todo o poder real anunciado j\u00e1 no livro de Daniel (7,14). Por isso, senta-se no trono como Rei e senhor de todos os povos. <\/p>\n<p>Aquilo que vulgarmente chamamos \u00abJu\u00edzo final\u00bb de facto apresenta-se mais como a proclama\u00e7\u00e3o duma senten\u00e7a que mais n\u00e3o \u00e9 do que a constata\u00e7\u00e3o da atitude que cada um teve durante a vida. Por isso, logo \u00e0 partida, todos s\u00e3o separados uns dos outros: benditos para um lado e malditos para o outro, colhendo a imagem na vida pastoril. Em noites mais frias o pastor separa as ovelhas dos cabritos, pois as ovelhas, com a sua l\u00e3 mais espessa, pode estar ao frio, enquanto \u00e9 necess\u00e1rio resguardar os cabritos que n\u00e3o t\u00eam protec\u00e7\u00e3o natural. <\/p>\n<p>Os primeiros, chamados \u00abbenditos de meu Pai\u00bb, s\u00e3o convidados a entrar na posse do reino para eles preparado pela iniciativa soberana e gratuita de Deus. Estes benditos do Pai recebem em heran\u00e7a o reino porque partilharam o destino e a condi\u00e7\u00e3o do Filho. Os outros s\u00e3o chamados \u00abmalditos\u00bb e n\u00e3o t\u00eam lugar no reino. <\/p>\n<p>A salva\u00e7\u00e3o \u00e9 sempre um dom de Deus concedido \u00e0queles que a aceitam. A condena\u00e7\u00e3o \u00e9 um produto humano, isto \u00e9, a consequ\u00eancia natural da n\u00e3o aceita\u00e7\u00e3o da salva\u00e7\u00e3o oferecida por Deus. \u00c9 na vida do dia-a-dia que cada um, pela sua forma de viver consigo mesmo, com os outros e com Deus, vai aceitando ou rejeitando aquilo que Deus vai oferecendo para ser vivido em plenitude um dia.<\/p>\n<p>O Rei apresenta-se como aquele que teve fome e sede, peregrino e sem roupa, doente e prisioneiro. O juiz glorioso, a quem os interlocutores chamam \u00abSenhor\u00bb tinha o rosto do indigente, do indefeso e do necessitado. <\/p>\n<p>O confronto decisivo entre os homens e Filho do Homem n\u00e3o acontece com gestos extraordin\u00e1rios e her\u00f3icos mas na simplicidade dos encontros humanos, com os gestos mais simples.<\/p>\n<p>No evangelho de Mateus h\u00e1 uma insist\u00eancia no amor para com o pr\u00f3ximo e na realiza\u00e7\u00e3o na vontade do Pai. Ora, a vontade do Pai, revelada e realizada por Jesus, resume-se no amor gratuito e activo para com os pobres, doentes e necessitados. No entanto, o crit\u00e9rio decisivo para a salva\u00e7\u00e3o ou ru\u00edna n\u00e3o est\u00e1 simplesmente na pr\u00e1tica do amor para com os necessitados. A novidade evang\u00e9lica est\u00e1 na identifica\u00e7\u00e3o que Jesus faz com estes: \u00abSempre que (n\u00e3o) fizestes a um destes (meus irm\u00e3os) mais pequeninos (n\u00e3o) o fizestes a mim\u00bb.<\/p>\n<table align=\"center\" cellpadding=\"0\" cellspacing=\"0\">\n<tbody>\n<tr>\n<td><a href=\"http:\/\/3.bp.blogspot.com\/-YlXAMvhAY-8\/Tsll8HyahxI\/AAAAAAAAAS0\/Li4cNuYyY_U\/s1600\/julgamento+final.jpg\" imageanchor=\"1\"><img decoding=\"async\" loading=\"lazy\" border=\"0\" height=\"236\" src=\"http:\/\/3.bp.blogspot.com\/-YlXAMvhAY-8\/Tsll8HyahxI\/AAAAAAAAAS0\/Li4cNuYyY_U\/s400\/julgamento+final.jpg\" width=\"400\"><\/a><\/td>\n<\/tr>\n<tr>\n<td><span>&#8220;<i>Ju\u00edzo Final<\/i>&#8221; (1432-35) de Fra Angelico<br \/>Pintura exposta no Museu de S. Marcos, Floren\u00e7a<\/span><\/td>\n<\/tr>\n<\/tbody>\n<\/table>\n<p><span>Fonte: <a href=\"http:\/\/www.diocese-aveiro.pt\/boanova.asp\">Boa Nova<\/a> &#8211; Diocese de Aveiro\u00a0 (adapta\u00e7\u00e3o)<\/span><\/p>\n<p><\/div>\n","protected":false},"excerpt":{"rendered":"<p>Tema: O Senhor \u00e9 meu pastor: nada me faltar\u00e1 1\u00aa Leitura: Ez 34,11-12.15-17 2\u00aa Leitura: 1 Cor 15,20-26.28 Evangelho: Mt 25,31-46 Mensagem: O texto deste domingo apresenta o [&hellip;]<\/p>\n","protected":false},"author":1,"featured_media":0,"comment_status":"open","ping_status":"closed","sticky":false,"template":"","format":"standard","meta":[],"categories":[3],"tags":[],"_links":{"self":[{"href":"http:\/\/diocese-aveiro.pt\/svicentebranca\/index.php?rest_route=\/wp\/v2\/posts\/2230"}],"collection":[{"href":"http:\/\/diocese-aveiro.pt\/svicentebranca\/index.php?rest_route=\/wp\/v2\/posts"}],"about":[{"href":"http:\/\/diocese-aveiro.pt\/svicentebranca\/index.php?rest_route=\/wp\/v2\/types\/post"}],"author":[{"embeddable":true,"href":"http:\/\/diocese-aveiro.pt\/svicentebranca\/index.php?rest_route=\/wp\/v2\/users\/1"}],"replies":[{"embeddable":true,"href":"http:\/\/diocese-aveiro.pt\/svicentebranca\/index.php?rest_route=%2Fwp%2Fv2%2Fcomments&post=2230"}],"version-history":[{"count":0,"href":"http:\/\/diocese-aveiro.pt\/svicentebranca\/index.php?rest_route=\/wp\/v2\/posts\/2230\/revisions"}],"wp:attachment":[{"href":"http:\/\/diocese-aveiro.pt\/svicentebranca\/index.php?rest_route=%2Fwp%2Fv2%2Fmedia&parent=2230"}],"wp:term":[{"taxonomy":"category","embeddable":true,"href":"http:\/\/diocese-aveiro.pt\/svicentebranca\/index.php?rest_route=%2Fwp%2Fv2%2Fcategories&post=2230"},{"taxonomy":"post_tag","embeddable":true,"href":"http:\/\/diocese-aveiro.pt\/svicentebranca\/index.php?rest_route=%2Fwp%2Fv2%2Ftags&post=2230"}],"curies":[{"name":"wp","href":"https:\/\/api.w.org\/{rel}","templated":true}]}}