{"id":2228,"date":"2011-11-27T18:36:00","date_gmt":"2011-11-27T18:36:00","guid":{"rendered":"http:\/\/diocese-aveiro.pt\/svicentebranca\/?p=2228"},"modified":"2011-11-27T18:36:00","modified_gmt":"2011-11-27T18:36:00","slug":"1o-domingo-do-advento-27-de-novembro","status":"publish","type":"post","link":"http:\/\/diocese-aveiro.pt\/svicentebranca\/?p=2228","title":{"rendered":"1\u00ba Domingo do Advento &#8211; 27 de Novembro"},"content":{"rendered":"<div><\/div>\n<div><b>Tema:<\/b> Vigiai!<\/p>\n<p><b>1\u00aa Leitura:<\/b> Is 63, 16b-17. 19b; 64, 2b-7<\/p>\n<p><b>2\u00aa Leitura:<\/b> 1 Cor 1, 3-9<\/p>\n<p><b>Evangelho:<\/b> Mc 13, 33-37<\/p>\n<p><b>Mensagem:<\/b><br \/>Este texto surge como conclus\u00e3o do discurso escatol\u00f3gico que parte do an\u00fancio da destrui\u00e7\u00e3o do Templo, cujo acontecimento pode ser previsto, para o an\u00fancio da manifesta\u00e7\u00e3o do Filho do Homem que n\u00e3o pode ser previsto. <\/p>\n<p>O apelo final, facilmente identificado pela insist\u00eancia, \u00e9 \u00e0 vigil\u00e2ncia. Mas o que significa \u00abvigiar\u00bb? A palavra grega (agrypn\u00e9o &#8211; vigiar) indica algu\u00e9m que pernoita no campo, atento a qualquer ru\u00eddo para n\u00e3o ser colhido de surpresa, a dormir. N\u00e3o \u00e9 por acaso que o mesmo apelo \u00e0 vigil\u00e2ncia dos disc\u00edpulos se encontra na boca de Jesus no Gets\u00e9mani.<\/p>\n<p>Mais do que fazer c\u00e1lculos e previs\u00f5es sobre o fim, h\u00e1 que empregar o tempo de hoje a realizar o que foi a cada um inteiramente confiado (\u00abdeu autoridade e a cada um a sua tarefa\u00bb).<\/p>\n<\/div>\n<div><\/div>\n<p><\/p>\n<div><span>Fonte: <a href=\"http:\/\/www.diocese-aveiro.pt\/boanova.asp\">Boa Nova<\/a> &#8211; Diocese de Aveiro\u00a0 (adapta\u00e7\u00e3o)<\/span> <\/p>\n<\/div>\n","protected":false},"excerpt":{"rendered":"<p>Tema: Vigiai! 1\u00aa Leitura: Is 63, 16b-17. 19b; 64, 2b-7 2\u00aa Leitura: 1 Cor 1, 3-9 Evangelho: Mc 13, 33-37 Mensagem:Este texto surge como conclus\u00e3o do discurso escatol\u00f3gico [&hellip;]<\/p>\n","protected":false},"author":1,"featured_media":0,"comment_status":"open","ping_status":"closed","sticky":false,"template":"","format":"standard","meta":[],"categories":[4,18,5,3],"tags":[],"_links":{"self":[{"href":"http:\/\/diocese-aveiro.pt\/svicentebranca\/index.php?rest_route=\/wp\/v2\/posts\/2228"}],"collection":[{"href":"http:\/\/diocese-aveiro.pt\/svicentebranca\/index.php?rest_route=\/wp\/v2\/posts"}],"about":[{"href":"http:\/\/diocese-aveiro.pt\/svicentebranca\/index.php?rest_route=\/wp\/v2\/types\/post"}],"author":[{"embeddable":true,"href":"http:\/\/diocese-aveiro.pt\/svicentebranca\/index.php?rest_route=\/wp\/v2\/users\/1"}],"replies":[{"embeddable":true,"href":"http:\/\/diocese-aveiro.pt\/svicentebranca\/index.php?rest_route=%2Fwp%2Fv2%2Fcomments&post=2228"}],"version-history":[{"count":0,"href":"http:\/\/diocese-aveiro.pt\/svicentebranca\/index.php?rest_route=\/wp\/v2\/posts\/2228\/revisions"}],"wp:attachment":[{"href":"http:\/\/diocese-aveiro.pt\/svicentebranca\/index.php?rest_route=%2Fwp%2Fv2%2Fmedia&parent=2228"}],"wp:term":[{"taxonomy":"category","embeddable":true,"href":"http:\/\/diocese-aveiro.pt\/svicentebranca\/index.php?rest_route=%2Fwp%2Fv2%2Fcategories&post=2228"},{"taxonomy":"post_tag","embeddable":true,"href":"http:\/\/diocese-aveiro.pt\/svicentebranca\/index.php?rest_route=%2Fwp%2Fv2%2Ftags&post=2228"}],"curies":[{"name":"wp","href":"https:\/\/api.w.org\/{rel}","templated":true}]}}