{"id":2227,"date":"2011-11-27T21:35:00","date_gmt":"2011-11-27T21:35:00","guid":{"rendered":"http:\/\/diocese-aveiro.pt\/svicentebranca\/?p=2227"},"modified":"2011-11-27T21:35:00","modified_gmt":"2011-11-27T21:35:00","slug":"1a-semana-do-advento-2711-a-312","status":"publish","type":"post","link":"http:\/\/diocese-aveiro.pt\/svicentebranca\/?p=2227","title":{"rendered":"1\u00aa Semana do Advento &#8211; 27\/11 a 3\/12"},"content":{"rendered":"<div><span><b>Estai alerta; Vigiai.<br \/>N\u00e3o sabeis a hora nem o momento\u2026<\/b><\/span><\/div>\n<div><b><br \/><\/b><\/div>\n<div><i>\u00abVigiai, portanto,<br \/>visto que n\u00e3o sabeis quando vir\u00e1 o dono da casa:<br \/>se \u00e0 tarde, se \u00e0 meia-noite,<br \/>se ao cantar do galo, se de manh\u00e3zinha;<br \/>n\u00e3o se d\u00ea o caso que, vindo inesperadamente,<br \/>vos encontre a dormir\u00bb.<\/i><\/div>\n<div>A Fam\u00edlia de Nazar\u00e9 baseia-se e funda-se na rocha firme do amor. \u00c9 a\u00ed que come\u00e7a o pres\u00e9pio.<\/p>\n<p>Vigiai, vigiai, vigiai! Maria e Jos\u00e9 apresentam-se-nos como exemplo perfeito para a fam\u00edlia dos nossos dias, uma fam\u00edlia em constante vigil\u00e2ncia, confiante em Deus e fazendo do Amor o alicerce das suas vidas.(&#8230;) A nossa miss\u00e3o \u00e9 estarmos atentos para O reconhecer quando Ele nos bater \u00e0 porta. Precisamos de estar alerta aos sinais do amor, no seio da nossa fam\u00edlia, para sermos verdadeira \u201cigreja dom\u00e9stica\u201d.<\/p>\n<p><b>Na constru\u00e7\u00e3o do Pres\u00e9pio&#8230; <\/b><\/div>\n<div>Colocamos no nosso pres\u00e9pio a <b>CASA<\/b> ou a <b>CABANA<\/b>, porque \u00e9 a base do pres\u00e9pio, tal como o Amor \u00e9 a base da fam\u00edlia que vigia.<\/div>\n<div><\/div>\n<div><a href=\"http:\/\/4.bp.blogspot.com\/-gO-0vJtE210\/TtKxe2hMtzI\/AAAAAAAAATE\/IxIuu1JTmTU\/s1600\/Advento1.JPG\" imageanchor=\"1\"><img decoding=\"async\" loading=\"lazy\" border=\"0\" height=\"297\" src=\"http:\/\/4.bp.blogspot.com\/-gO-0vJtE210\/TtKxe2hMtzI\/AAAAAAAAATE\/IxIuu1JTmTU\/s400\/Advento1.JPG\" width=\"400\"><\/a><\/div>\n<div>Acompanhe <a href=\"http:\/\/svicentebranca.blogspot.com\/search\/label\/Caminhada%20de%20Advento-Natal\"><b>aqui<\/b><\/a> todas as nossas publica\u00e7\u00f5es sobre a Caminhada de Advento-Natal 2011\/12.<\/div>\n<p><span><b>Fonte:<\/b> &#8220;Fam\u00edlia, Esperan\u00e7a e Dom!&#8221;, Caminhada de Advento-Natal 2011\/2012, Vigararia da Educa\u00e7\u00e3o Crist\u00e3, Diocese de Aveiro<\/span><\/p>\n<p><\/p>\n","protected":false},"excerpt":{"rendered":"<p>Estai alerta; Vigiai.N\u00e3o sabeis a hora nem o momento\u2026 \u00abVigiai, portanto,visto que n\u00e3o sabeis quando vir\u00e1 o dono da casa:se \u00e0 tarde, se \u00e0 meia-noite,se ao cantar do [&hellip;]<\/p>\n","protected":false},"author":1,"featured_media":0,"comment_status":"open","ping_status":"closed","sticky":false,"template":"","format":"standard","meta":[],"categories":[4,17,18],"tags":[],"_links":{"self":[{"href":"http:\/\/diocese-aveiro.pt\/svicentebranca\/index.php?rest_route=\/wp\/v2\/posts\/2227"}],"collection":[{"href":"http:\/\/diocese-aveiro.pt\/svicentebranca\/index.php?rest_route=\/wp\/v2\/posts"}],"about":[{"href":"http:\/\/diocese-aveiro.pt\/svicentebranca\/index.php?rest_route=\/wp\/v2\/types\/post"}],"author":[{"embeddable":true,"href":"http:\/\/diocese-aveiro.pt\/svicentebranca\/index.php?rest_route=\/wp\/v2\/users\/1"}],"replies":[{"embeddable":true,"href":"http:\/\/diocese-aveiro.pt\/svicentebranca\/index.php?rest_route=%2Fwp%2Fv2%2Fcomments&post=2227"}],"version-history":[{"count":0,"href":"http:\/\/diocese-aveiro.pt\/svicentebranca\/index.php?rest_route=\/wp\/v2\/posts\/2227\/revisions"}],"wp:attachment":[{"href":"http:\/\/diocese-aveiro.pt\/svicentebranca\/index.php?rest_route=%2Fwp%2Fv2%2Fmedia&parent=2227"}],"wp:term":[{"taxonomy":"category","embeddable":true,"href":"http:\/\/diocese-aveiro.pt\/svicentebranca\/index.php?rest_route=%2Fwp%2Fv2%2Fcategories&post=2227"},{"taxonomy":"post_tag","embeddable":true,"href":"http:\/\/diocese-aveiro.pt\/svicentebranca\/index.php?rest_route=%2Fwp%2Fv2%2Ftags&post=2227"}],"curies":[{"name":"wp","href":"https:\/\/api.w.org\/{rel}","templated":true}]}}