{"id":2224,"date":"2011-12-04T17:07:00","date_gmt":"2011-12-04T17:07:00","guid":{"rendered":"http:\/\/diocese-aveiro.pt\/svicentebranca\/?p=2224"},"modified":"2011-12-04T17:07:00","modified_gmt":"2011-12-04T17:07:00","slug":"2a-semana-do-advento-0412-a-1012","status":"publish","type":"post","link":"http:\/\/diocese-aveiro.pt\/svicentebranca\/?p=2224","title":{"rendered":"2\u00aa Semana do Advento &#8211; 04\/12 a 10\/12"},"content":{"rendered":"<div><\/div>\n<p><\/p>\n<div><span><b>No deserto, Jo\u00e3o pregava<br \/>o arrependimento e a convers\u00e3o <\/b><\/span><\/div>\n<div><i>\u00abApareceu Jo\u00e3o Baptista no deserto,<\/i><br \/><i>a proclamar um baptismo de penit\u00eancia<\/i><br \/><i>para remiss\u00e3o dos pecados\u00bb.\u00a0<\/i><\/div>\n<div>Jo\u00e3o Baptista \u00e9 o \u201cPrecursor\u201d, ou seja, \u00e9 aquele que prepara a vinda do Messias.  A sua miss\u00e3o \u00e9 aplanar e preparar o caminho do Senhor. Jo\u00e3o ensina-nos, por meio do seu baptismo de penit\u00eancia, que nos devemos purificar, a fim de nos convertermos, ou seja, de voltarmos, de novo, o nosso cora\u00e7\u00e3o para Deus.<\/div>\n<div><\/div>\n<div>A fam\u00edlia \u00e9 suporte e apoio da felicidade humana, porque nos transforma e nos ajuda nesta caminhada de prepara\u00e7\u00e3o para receber o Salvador. Para isto, tamb\u00e9m como fam\u00edlia, precisamos de fazer um esfor\u00e7o de purifica\u00e7\u00e3o e de convers\u00e3o, abrindo as portas e janelas do nosso cora\u00e7\u00e3o.<\/div>\n<div><\/div>\n<div><b>Na constru\u00e7\u00e3o do pres\u00e9pio\u2026<\/b><\/div>\n<div>Colocamos no nosso pres\u00e9pio a <b>\u00c1GUA<\/b>, porque \u00e9 o sinal que aponta o nosso Baptismo e nos recorda a necessidade de purifica\u00e7\u00e3o e de convers\u00e3o permanentes.<\/div>\n<p><\/p>\n<div><a href=\"http:\/\/3.bp.blogspot.com\/-nEtvZ6JH2y8\/TtuqUogdbuI\/AAAAAAAAATc\/03Yh6-SS9xg\/s1600\/Advento+2.JPG\" imageanchor=\"1\"><img decoding=\"async\" loading=\"lazy\" border=\"0\" height=\"322\" src=\"http:\/\/3.bp.blogspot.com\/-nEtvZ6JH2y8\/TtuqUogdbuI\/AAAAAAAAATc\/03Yh6-SS9xg\/s400\/Advento+2.JPG\" width=\"400\"><\/a><\/div>\n<p><\/p>\n<div>Acompanhe <a href=\"http:\/\/svicentebranca.blogspot.com\/search\/label\/Caminhada%20de%20Advento-Natal\"><b>aqui<\/b><\/a> todas as nossas publica\u00e7\u00f5es sobre a Caminhada de Advento-Natal 2011\/12.<\/div>\n<p><span><b>Fonte:<\/b> &#8220;Fam\u00edlia, Esperan\u00e7a e Dom!&#8221;, Caminhada de Advento-Natal 2011\/2012, Vigararia da Educa\u00e7\u00e3o Crist\u00e3, Diocese de Aveiro<\/span><\/p>\n<div data-href=\"http:\/\/svicentebranca.blogspot.com\/2011\/12\/2-semana-do-advento-0412-1012.html\" data-send=\"true\" data-show-faces=\"true\" data-width=\"450\"><\/div>\n","protected":false},"excerpt":{"rendered":"<p>No deserto, Jo\u00e3o pregavao arrependimento e a convers\u00e3o \u00abApareceu Jo\u00e3o Baptista no deserto,a proclamar um baptismo de penit\u00eanciapara remiss\u00e3o dos pecados\u00bb.\u00a0 Jo\u00e3o Baptista \u00e9 o \u201cPrecursor\u201d, ou seja, [&hellip;]<\/p>\n","protected":false},"author":1,"featured_media":0,"comment_status":"open","ping_status":"closed","sticky":false,"template":"","format":"standard","meta":[],"categories":[4,17,18],"tags":[],"_links":{"self":[{"href":"http:\/\/diocese-aveiro.pt\/svicentebranca\/index.php?rest_route=\/wp\/v2\/posts\/2224"}],"collection":[{"href":"http:\/\/diocese-aveiro.pt\/svicentebranca\/index.php?rest_route=\/wp\/v2\/posts"}],"about":[{"href":"http:\/\/diocese-aveiro.pt\/svicentebranca\/index.php?rest_route=\/wp\/v2\/types\/post"}],"author":[{"embeddable":true,"href":"http:\/\/diocese-aveiro.pt\/svicentebranca\/index.php?rest_route=\/wp\/v2\/users\/1"}],"replies":[{"embeddable":true,"href":"http:\/\/diocese-aveiro.pt\/svicentebranca\/index.php?rest_route=%2Fwp%2Fv2%2Fcomments&post=2224"}],"version-history":[{"count":0,"href":"http:\/\/diocese-aveiro.pt\/svicentebranca\/index.php?rest_route=\/wp\/v2\/posts\/2224\/revisions"}],"wp:attachment":[{"href":"http:\/\/diocese-aveiro.pt\/svicentebranca\/index.php?rest_route=%2Fwp%2Fv2%2Fmedia&parent=2224"}],"wp:term":[{"taxonomy":"category","embeddable":true,"href":"http:\/\/diocese-aveiro.pt\/svicentebranca\/index.php?rest_route=%2Fwp%2Fv2%2Fcategories&post=2224"},{"taxonomy":"post_tag","embeddable":true,"href":"http:\/\/diocese-aveiro.pt\/svicentebranca\/index.php?rest_route=%2Fwp%2Fv2%2Ftags&post=2224"}],"curies":[{"name":"wp","href":"https:\/\/api.w.org\/{rel}","templated":true}]}}