{"id":2221,"date":"2011-12-08T00:09:00","date_gmt":"2011-12-08T00:09:00","guid":{"rendered":"http:\/\/diocese-aveiro.pt\/svicentebranca\/?p=2221"},"modified":"2011-12-08T00:09:00","modified_gmt":"2011-12-08T00:09:00","slug":"imaculada-conceicao-812","status":"publish","type":"post","link":"http:\/\/diocese-aveiro.pt\/svicentebranca\/?p=2221","title":{"rendered":"Imaculada Concei\u00e7\u00e3o &#8211; 8\/12"},"content":{"rendered":"<div><span><b>\u201cSalve, cheia de gra\u00e7a,<\/b><br \/><b>o Senhor est\u00e1 contigo\u201d<\/b><\/span><\/div>\n<div><i>\u00abMaria disse, ent\u00e3o: \u201dEis a serva do senhor, fa\u00e7a-se em<br \/>mim segundo a tua palavra\u201d\u00bb.<\/i><\/div>\n<p><b>Na constru\u00e7\u00e3o do pres\u00e9pio\u2026<\/b><\/p>\n<div>Colocamos no nosso pres\u00e9pio a <b>B\u00cdBLIA<\/b>, posicionada como manjedoura, porque Jesus \u00e9 a Palavra, o Verbo de Deus.<\/div>\n<p><\/p>\n<div><a href=\"http:\/\/4.bp.blogspot.com\/-q16vgALSwhY\/Tt_o1IbdWdI\/AAAAAAAAATs\/w4p5FnyG984\/s1600\/Advento+3.JPG\" imageanchor=\"1\"><img decoding=\"async\" loading=\"lazy\" border=\"0\" height=\"296\" src=\"http:\/\/4.bp.blogspot.com\/-q16vgALSwhY\/Tt_o1IbdWdI\/AAAAAAAAATs\/w4p5FnyG984\/s400\/Advento+3.JPG\" width=\"400\"><\/a><\/div>\n<p><\/p>\n<div>Acompanhe <a href=\"http:\/\/svicentebranca.blogspot.com\/search\/label\/Caminhada%20de%20Advento-Natal\"><b>aqui<\/b><\/a> todas as nossas publica\u00e7\u00f5es sobre a Caminhada de Advento-Natal 2011\/12.<\/div>\n<p><span><b>Fonte:<\/b> &#8220;Fam\u00edlia, Esperan\u00e7a e Dom!&#8221;, Caminhada de Advento-Natal 2011\/2012, Vigararia da Educa\u00e7\u00e3o Crist\u00e3, Diocese de Aveiro<\/span><\/p>\n","protected":false},"excerpt":{"rendered":"<p>\u201cSalve, cheia de gra\u00e7a,o Senhor est\u00e1 contigo\u201d \u00abMaria disse, ent\u00e3o: \u201dEis a serva do senhor, fa\u00e7a-se emmim segundo a tua palavra\u201d\u00bb. Na constru\u00e7\u00e3o do pres\u00e9pio\u2026 Colocamos no nosso [&hellip;]<\/p>\n","protected":false},"author":1,"featured_media":0,"comment_status":"open","ping_status":"closed","sticky":false,"template":"","format":"standard","meta":[],"categories":[4,17,18],"tags":[],"_links":{"self":[{"href":"http:\/\/diocese-aveiro.pt\/svicentebranca\/index.php?rest_route=\/wp\/v2\/posts\/2221"}],"collection":[{"href":"http:\/\/diocese-aveiro.pt\/svicentebranca\/index.php?rest_route=\/wp\/v2\/posts"}],"about":[{"href":"http:\/\/diocese-aveiro.pt\/svicentebranca\/index.php?rest_route=\/wp\/v2\/types\/post"}],"author":[{"embeddable":true,"href":"http:\/\/diocese-aveiro.pt\/svicentebranca\/index.php?rest_route=\/wp\/v2\/users\/1"}],"replies":[{"embeddable":true,"href":"http:\/\/diocese-aveiro.pt\/svicentebranca\/index.php?rest_route=%2Fwp%2Fv2%2Fcomments&post=2221"}],"version-history":[{"count":0,"href":"http:\/\/diocese-aveiro.pt\/svicentebranca\/index.php?rest_route=\/wp\/v2\/posts\/2221\/revisions"}],"wp:attachment":[{"href":"http:\/\/diocese-aveiro.pt\/svicentebranca\/index.php?rest_route=%2Fwp%2Fv2%2Fmedia&parent=2221"}],"wp:term":[{"taxonomy":"category","embeddable":true,"href":"http:\/\/diocese-aveiro.pt\/svicentebranca\/index.php?rest_route=%2Fwp%2Fv2%2Fcategories&post=2221"},{"taxonomy":"post_tag","embeddable":true,"href":"http:\/\/diocese-aveiro.pt\/svicentebranca\/index.php?rest_route=%2Fwp%2Fv2%2Ftags&post=2221"}],"curies":[{"name":"wp","href":"https:\/\/api.w.org\/{rel}","templated":true}]}}