{"id":2219,"date":"2011-12-11T16:01:00","date_gmt":"2011-12-11T16:01:00","guid":{"rendered":"http:\/\/diocese-aveiro.pt\/svicentebranca\/?p=2219"},"modified":"2011-12-11T16:01:00","modified_gmt":"2011-12-11T16:01:00","slug":"3o-domingo-do-advento-11-de-dezembro","status":"publish","type":"post","link":"http:\/\/diocese-aveiro.pt\/svicentebranca\/?p=2219","title":{"rendered":"3\u00ba Domingo do Advento &#8211; 11 de Dezembro"},"content":{"rendered":"<div><\/div>\n<div><\/div>\n<p><b>Tema:<\/b> <i>&#8220;Eu sou a voz que clama no deserto: aplanai o caminho do Senhor.&#8221;<\/i><\/p>\n<p><b>1\u00aa Leitura:<\/b> Is 61, 1-2a. 10-11<\/p>\n<p><b>2\u00aa Leitura:<\/b> 1 Tes 5, 16-24<\/p>\n<p><b>Evangelho:<\/b> Jo 1, 6-8. 18-28<\/p>\n<p><b>Mensagem:<\/b><\/p>\n<div>O texto deste 3\u00ba Domingo, procura esclarecer a diferen\u00e7a entre o Precursor e o Messias, apresentando Jo\u00e3o como um protagonista essencial da entrada na hist\u00f3ria do Verbo de Deus, que \u00e9 Vida dos homens e Luz do mundo.<\/p>\n<table cellpadding=\"0\" cellspacing=\"0\">\n<tbody>\n<tr>\n<td><a href=\"http:\/\/3.bp.blogspot.com\/-Wab1jt1TL6M\/TuTa0uDCuoI\/AAAAAAAAAT0\/vLSMHOCeRto\/s1600\/joaobaptista.jpg\" imageanchor=\"1\"><img decoding=\"async\" loading=\"lazy\" border=\"0\" height=\"320\" src=\"http:\/\/3.bp.blogspot.com\/-Wab1jt1TL6M\/TuTa0uDCuoI\/AAAAAAAAAT0\/vLSMHOCeRto\/s320\/joaobaptista.jpg\" width=\"240\"><\/a><\/td>\n<\/tr>\n<tr>\n<td><span>&#8220;S. Jo\u00e3o Baptista&#8221;\u00a0 <br \/>Pintura de Philippe De Champaigne <br \/>exposta no Museu de Grenoble, Fran\u00e7a<\/span><i><br \/><\/i><\/td>\n<\/tr>\n<\/tbody>\n<\/table>\n<p>A primeira parte (Jo 1,6-8) j\u00e1 deixa bem claro que Jo\u00e3o, mais do que um Precursor de Cristo, \u00e9 um \u00abhomem enviado por Deus&#8230; para dar testemunho da Luz\u00bb. N\u00e3o era a Luz, mas devia dar testemunho da Luz, aquela luz verdadeira que ilumina todo o homem. O pr\u00f3prio Jesus dir\u00e1 mais adiante: \u00abQuem me segue n\u00e3o caminha nas trevas\u00bb. <\/p>\n<p>A segunda parte (Jo 19-28) \u00e9 o in\u00edcio dos diversos testemunhos em favor de Cristo, come\u00e7ando com o testemunho de Jo\u00e3o em rela\u00e7\u00e3o aos judeus (e fariseus) que em todo o IV Evangelho s\u00e3o apresentados como os inimigos de Jesus. <\/p>\n<p>Num di\u00e1logo insistente, Jo\u00e3o d\u00e1 o seu testemunho e declara que n\u00e3o \u00e9 o Cristo, o Messias, a LUZ. <\/p>\n<p>Tamb\u00e9m n\u00e3o \u00e9 Elias nem o Profeta. Jo\u00e3o apresenta-se como a personifica\u00e7\u00e3o do Antigo Testamento, como a voz que anuncia a grande liberta\u00e7\u00e3o (Is 40,3) que vir\u00e1 com o Messias. O baptismo de \u00e1gua que ele realiza sugere e anuncia o baptismo do Esp\u00edrito de que falar\u00e1 expressamente mais adiante (Jo 1,33). <\/p>\n<p>Enquanto Jo\u00e3o faz ouvir a sua voz e baptiza com \u00e1gua, faz saber aos seus ouvintes que \u00abno meio de v\u00f3s est\u00e1 algu\u00e9m que n\u00e3o conheceis, aquele que vem depois de mim, a que eu n\u00e3o sou digno de desatar a correia das sand\u00e1lias\u00bb. <\/p>\n<p>O an\u00fancio de Cristo por Jo\u00e3o Batista \u00e9 dado com toda a humildade. Nem se considera digno do servi\u00e7o mais humilde: desatar a correia das suas sand\u00e1lias.<\/p>\n<p><span>Fonte: <a href=\"http:\/\/www.diocese-aveiro.pt\/boanova.asp\">Boa Nova<\/a> &#8211; Diocese de Aveiro\u00a0 (adapta\u00e7\u00e3o)<\/span>\u00a0  <\/p>\n<\/div>\n","protected":false},"excerpt":{"rendered":"<p>Tema: &#8220;Eu sou a voz que clama no deserto: aplanai o caminho do Senhor.&#8221; 1\u00aa Leitura: Is 61, 1-2a. 10-11 2\u00aa Leitura: 1 Tes 5, 16-24 Evangelho: Jo [&hellip;]<\/p>\n","protected":false},"author":1,"featured_media":0,"comment_status":"open","ping_status":"closed","sticky":false,"template":"","format":"standard","meta":[],"categories":[4,18,5,3],"tags":[],"_links":{"self":[{"href":"http:\/\/diocese-aveiro.pt\/svicentebranca\/index.php?rest_route=\/wp\/v2\/posts\/2219"}],"collection":[{"href":"http:\/\/diocese-aveiro.pt\/svicentebranca\/index.php?rest_route=\/wp\/v2\/posts"}],"about":[{"href":"http:\/\/diocese-aveiro.pt\/svicentebranca\/index.php?rest_route=\/wp\/v2\/types\/post"}],"author":[{"embeddable":true,"href":"http:\/\/diocese-aveiro.pt\/svicentebranca\/index.php?rest_route=\/wp\/v2\/users\/1"}],"replies":[{"embeddable":true,"href":"http:\/\/diocese-aveiro.pt\/svicentebranca\/index.php?rest_route=%2Fwp%2Fv2%2Fcomments&post=2219"}],"version-history":[{"count":0,"href":"http:\/\/diocese-aveiro.pt\/svicentebranca\/index.php?rest_route=\/wp\/v2\/posts\/2219\/revisions"}],"wp:attachment":[{"href":"http:\/\/diocese-aveiro.pt\/svicentebranca\/index.php?rest_route=%2Fwp%2Fv2%2Fmedia&parent=2219"}],"wp:term":[{"taxonomy":"category","embeddable":true,"href":"http:\/\/diocese-aveiro.pt\/svicentebranca\/index.php?rest_route=%2Fwp%2Fv2%2Fcategories&post=2219"},{"taxonomy":"post_tag","embeddable":true,"href":"http:\/\/diocese-aveiro.pt\/svicentebranca\/index.php?rest_route=%2Fwp%2Fv2%2Ftags&post=2219"}],"curies":[{"name":"wp","href":"https:\/\/api.w.org\/{rel}","templated":true}]}}