{"id":2218,"date":"2011-12-11T16:50:00","date_gmt":"2011-12-11T16:50:00","guid":{"rendered":"http:\/\/diocese-aveiro.pt\/svicentebranca\/?p=2218"},"modified":"2011-12-11T16:50:00","modified_gmt":"2011-12-11T16:50:00","slug":"3a-semana-do-advento-1112-a-1712","status":"publish","type":"post","link":"http:\/\/diocese-aveiro.pt\/svicentebranca\/?p=2218","title":{"rendered":"3\u00aa Semana do Advento &#8211; 11\/12 a 17\/12"},"content":{"rendered":"<div><\/div>\n<div><span><b>Deus est\u00e1 no meio de v\u00f3s e n\u00e3o dais conta. <\/b><\/span><\/div>\n<div><i>\u00abJo\u00e3o deu testemunho dele ao clamar: \u201cAquele que vem<\/i><br \/><i>depois de mim, passou-me \u00e0 frente, porque existia antes<\/i> <i>de mim\u201d\u00bb.<\/i><\/div>\n<p><\/p>\n<div>Jos\u00e9 \u00e9 o \u201cjusto\u201d escolhido por Deus para ser esposo de Maria e pai adoptivo de Jesus.<\/p>\n<p>Se olharmos para Jos\u00e9, aprendemos com ele a esfor\u00e7armo-nos com alegria, independentemente do reconhecimento que nos possa ser atribu\u00eddo e dos agradecimentos que possamos esperar.<\/p>\n<p>Como fam\u00edlia crist\u00e3, em tempos de crises variadas, precisamos de reaprender o valor do trabalho, do esfor\u00e7o, da dedica\u00e7\u00e3o, do servi\u00e7o e at\u00e9 do suor!<\/p>\n<p><b>Na constru\u00e7\u00e3o do pres\u00e9pio\u2026<\/b><br \/>Colocamos no nosso pres\u00e9pio o <b>SERROTE<\/b>, simbolizando o nosso esfor\u00e7o e perseveran\u00e7a, o nosso trabalho e dedica\u00e7\u00e3o, que aprendemos com S. Jos\u00e9.<\/p>\n<\/div>\n<div><\/div>\n<div><a href=\"http:\/\/1.bp.blogspot.com\/-JrFSftRd-mg\/Tu4LwR3Ai_I\/AAAAAAAAAUM\/ld0-JaZjyZs\/s1600\/Advento+3.JPG\" imageanchor=\"1\"><img decoding=\"async\" loading=\"lazy\" border=\"0\" height=\"256\" src=\"http:\/\/1.bp.blogspot.com\/-JrFSftRd-mg\/Tu4LwR3Ai_I\/AAAAAAAAAUM\/ld0-JaZjyZs\/s400\/Advento+3.JPG\" width=\"400\"><\/a><\/div>\n<div><\/div>\n<div><\/div>\n<p><\/p>\n<div>Acompanhe <a href=\"http:\/\/svicentebranca.blogspot.com\/search\/label\/Caminhada%20de%20Advento-Natal\"><b>aqui<\/b><\/a> todas as nossas publica\u00e7\u00f5es sobre a Caminhada de Advento-Natal 2011\/12.<\/div>\n<p><span><b>Fonte:<\/b> &#8220;Fam\u00edlia, Esperan\u00e7a e Dom!&#8221;, Caminhada de Advento-Natal 2011\/2012, Vigararia da Educa\u00e7\u00e3o Crist\u00e3, Diocese de Aveiro<\/span><\/p>\n","protected":false},"excerpt":{"rendered":"<p>Deus est\u00e1 no meio de v\u00f3s e n\u00e3o dais conta. \u00abJo\u00e3o deu testemunho dele ao clamar: \u201cAquele que vemdepois de mim, passou-me \u00e0 frente, porque existia antes de [&hellip;]<\/p>\n","protected":false},"author":1,"featured_media":0,"comment_status":"open","ping_status":"closed","sticky":false,"template":"","format":"standard","meta":[],"categories":[4,17,18],"tags":[],"_links":{"self":[{"href":"http:\/\/diocese-aveiro.pt\/svicentebranca\/index.php?rest_route=\/wp\/v2\/posts\/2218"}],"collection":[{"href":"http:\/\/diocese-aveiro.pt\/svicentebranca\/index.php?rest_route=\/wp\/v2\/posts"}],"about":[{"href":"http:\/\/diocese-aveiro.pt\/svicentebranca\/index.php?rest_route=\/wp\/v2\/types\/post"}],"author":[{"embeddable":true,"href":"http:\/\/diocese-aveiro.pt\/svicentebranca\/index.php?rest_route=\/wp\/v2\/users\/1"}],"replies":[{"embeddable":true,"href":"http:\/\/diocese-aveiro.pt\/svicentebranca\/index.php?rest_route=%2Fwp%2Fv2%2Fcomments&post=2218"}],"version-history":[{"count":0,"href":"http:\/\/diocese-aveiro.pt\/svicentebranca\/index.php?rest_route=\/wp\/v2\/posts\/2218\/revisions"}],"wp:attachment":[{"href":"http:\/\/diocese-aveiro.pt\/svicentebranca\/index.php?rest_route=%2Fwp%2Fv2%2Fmedia&parent=2218"}],"wp:term":[{"taxonomy":"category","embeddable":true,"href":"http:\/\/diocese-aveiro.pt\/svicentebranca\/index.php?rest_route=%2Fwp%2Fv2%2Fcategories&post=2218"},{"taxonomy":"post_tag","embeddable":true,"href":"http:\/\/diocese-aveiro.pt\/svicentebranca\/index.php?rest_route=%2Fwp%2Fv2%2Ftags&post=2218"}],"curies":[{"name":"wp","href":"https:\/\/api.w.org\/{rel}","templated":true}]}}