{"id":2216,"date":"2011-12-18T17:56:00","date_gmt":"2011-12-18T17:56:00","guid":{"rendered":"http:\/\/diocese-aveiro.pt\/svicentebranca\/?p=2216"},"modified":"2011-12-18T17:56:00","modified_gmt":"2011-12-18T17:56:00","slug":"4o-domingo-do-advento-18-de-dezembro","status":"publish","type":"post","link":"http:\/\/diocese-aveiro.pt\/svicentebranca\/?p=2216","title":{"rendered":"4\u00ba Domingo do Advento &#8211; 18 de Dezembro"},"content":{"rendered":"<p><b>Tema:<\/b> <i>&#8220;Eis a serva do Senhor&#8230;<\/i><i>&#8220;<\/i><\/p>\n<p><b>1\u00aa Leitura:<\/b> 2 Sam 7, 1-5. 8b-12. 14a. 16 <\/p>\n<p><b>2\u00aa Leitura:<\/b> Rom 16, 25-27 <\/p>\n<p><b>Evangelho:<\/b> Lc 1, 26-38.<\/p>\n<p><b>Mensagem: <\/b><\/p>\n<div>Al\u00e9m de solene, o in\u00edcio do Evangelho deste Domingo \u00e9 ins\u00f3lito, porque normalmente \u00e9 o inferior que vai ter com o superior. A destinat\u00e1ria \u00e9 primeiro apresentada com uma qualifica\u00e7\u00e3o, \u00abvirgem\u00bb, sem d\u00favida digna de valor, repetida duas vezes no mesmo vers\u00edculo. Seguem-se outros pormenores, como a condi\u00e7\u00e3o social de mulher que cumpriu a primeira fase do matrim\u00f3nio, a descend\u00eancia dav\u00eddica do marido, o nome do marido e, por fim, n\u00e3o sem solenidade, o seu nome: Maria. A abund\u00e2ncia de pormenores e o cuidado na escolha dos mesmos s\u00e3o um primeiro ind\u00edcio do papel importante que Maria tem na miss\u00e3o que Deus lhe quer confiar.<\/p>\n<p>A sauda\u00e7\u00e3o do anjo \u00e9 fora do comum, quer porque em nenhum caso um mulher at\u00e9 ent\u00e3o tinha sido saudada daquela maneira, at\u00e9 porque o seu conte\u00fado sai fora dos esquemas habituais. A iniciativa amorosa de Deus em rela\u00e7\u00e3o a Maria \u00e9 compendiada no termo \u00abgra\u00e7a\u00bb, que exprime o novo nome dado a Maria.<\/p><\/div>\n<div><\/div>\n<div>\u00abO Senhor est\u00e1 contigo\u00bb: a ideia da miss\u00e3o est\u00e1 impl\u00edcita. Quando Deus est\u00e1 com Israel ou com um seu eleito (Jacob; Mois\u00e9s; Gede\u00e3o), isto significa n\u00e3o apenas protec\u00e7\u00e3o mas j\u00e1 uma ajuda para a miss\u00e3o. Maria \u00e9 colocada na linha das grandes figuras que receberam de Deus um particular sustento em vista da tarefa a cumprir.<\/p>\n<table cellpadding=\"0\" cellspacing=\"0\">\n<tbody>\n<tr>\n<td><a href=\"http:\/\/1.bp.blogspot.com\/-kbq3WRbAOro\/Tu4nZBNFqFI\/AAAAAAAAAUU\/ENqPdIJgYGc\/s1600\/Anuncia%25C3%25A7%25C3%25A3o1.jpg\" imageanchor=\"1\"><img decoding=\"async\" loading=\"lazy\" border=\"0\" height=\"251\" src=\"http:\/\/1.bp.blogspot.com\/-kbq3WRbAOro\/Tu4nZBNFqFI\/AAAAAAAAAUU\/ENqPdIJgYGc\/s320\/Anuncia%25C3%25A7%25C3%25A3o1.jpg\" width=\"320\"><\/a><\/td>\n<\/tr>\n<tr>\n<td><span>&#8220;<i>Anuncia\u00e7\u00e3o<\/i>&#8221; (1433-34) de Fra Ang\u00e9lico<br \/><span>Painel principal<\/span> <span>do ret\u00e1bulo<\/span> <span>do altar<\/span> <span>da vida de Maria<\/span>, <br \/>Igreja dos Jesu\u00edtas, Cortona (It\u00e1lia)<\/span><\/td>\n<\/tr>\n<\/tbody>\n<\/table>\n<\/div>\n<div>A sauda\u00e7\u00e3o ins\u00f3lita causa a perturba\u00e7\u00e3o de Maria. N\u00e3o se trata duma perturba\u00e7\u00e3o descontrolada, porque Maria n\u00e3o perde a concentra\u00e7\u00e3o e a capacidade de reflectir nas palavras da mensagem. \u00abN\u00e3o temas, Maria\u00bb, \u00e9 um convite \u00e0 serenidade e \u00e0 esperan\u00e7a.\u00a0<\/div>\n<div><\/div>\n<div>A mensagem vem agora anunciar um nascimento e a miss\u00e3o do que vai nascer. Jesus \u00e9 apresentado n\u00e3o no seu fazer, mas no seu ser. S\u00e3o especificados os t\u00edtulos, n\u00e3o a ac\u00e7\u00e3o: ser grande, ser chamado Filho do Alt\u00edssimo, receber o trono de David, reinar para sempre, ser Filho de Deus. Acerca dele \u00e9 dito que ser\u00e1 \u00abgrande\u00bb, t\u00edtulo que sem mais precis\u00f5es era reservado ao pr\u00f3prio Deus.<\/div>\n<div><\/div>\n<div>\u00abO Esp\u00edrito Santo descer\u00e1 sobre ti, sobre ti estender\u00e1 a sua sombra o poder do Alt\u00edssimo\u00bb. O texto exclui categoricamente a iniciativa e papel do homem na concep\u00e7\u00e3o, mas n\u00e3o explica como Deus interv\u00e9m nem como age o Esp\u00edrito. Vem sobre Maria como h\u00e1-de vir sobre os Ap\u00f3stolos. Aquele que vai nascer gozar\u00e1 duma rela\u00e7\u00e3o \u00fanica com Deus, ser\u00e1 da sua mesma natureza: \u00abPor isso, aquele que vai nascer santo ser\u00e1 chamado Filho de Deus\u00bb.\u00a0\u00a0<\/div>\n<div><\/div>\n<div>Maria n\u00e3o \u00e9 m\u00e3e dum homem que se torna Deus, mas dum ser humano cuja pessoa sempre foi divina. Encontramos aqui a maior originalidade do cristianismo: a profunda identidade de Cristo e o seu mist\u00e9rio.<\/p>\n<p>O \u00absim\u00bb de Maria &#8211; \u00abEis a serva do Senhor&#8230;\u00bb &#8211; \u00e9 o assentimento, a participa\u00e7\u00e3o da vontade e do cora\u00e7\u00e3o que escuta, o abandono a qualquer refer\u00eancia pessoal para confiar s\u00f3 na palavra divina.<\/p><\/div>\n<div><\/p>\n<table align=\"center\" cellpadding=\"0\" cellspacing=\"0\">\n<tbody>\n<tr>\n<td><a href=\"http:\/\/2.bp.blogspot.com\/-xXtAeROriZU\/Tu4odWmUpoI\/AAAAAAAAAUc\/ha91R931X1E\/s1600\/Leonardo_da_Vinci_-_Annunciazione_-_Google_Art_Project.jpg\" imageanchor=\"1\"><img decoding=\"async\" loading=\"lazy\" border=\"0\" height=\"180\" src=\"http:\/\/2.bp.blogspot.com\/-xXtAeROriZU\/Tu4odWmUpoI\/AAAAAAAAAUc\/ha91R931X1E\/s400\/Leonardo_da_Vinci_-_Annunciazione_-_Google_Art_Project.jpg\" width=\"400\"><\/a><\/td>\n<\/tr>\n<tr>\n<td><span>&#8220;<i>Anuncia\u00e7\u00e3o<\/i>&#8221; (1472) de Leonardo da Vinci<br \/>Pintura exposta na Galeria<b> <\/b>Uffiz, Floren\u00e7a (It\u00e1lia) <\/span><\/td>\n<\/tr>\n<\/tbody>\n<\/table>\n<p><span>Fonte: <a href=\"http:\/\/www.diocese-aveiro.pt\/boanova.asp\">Boa Nova<\/a> &#8211; Diocese de Aveiro\u00a0 (adapta\u00e7\u00e3o)<\/span>\u00a0  <\/div>\n<p><\/p>\n","protected":false},"excerpt":{"rendered":"<p>Tema: &#8220;Eis a serva do Senhor&#8230;&#8220; 1\u00aa Leitura: 2 Sam 7, 1-5. 8b-12. 14a. 16 2\u00aa Leitura: Rom 16, 25-27 Evangelho: Lc 1, 26-38. Mensagem: Al\u00e9m de solene, [&hellip;]<\/p>\n","protected":false},"author":1,"featured_media":0,"comment_status":"open","ping_status":"closed","sticky":false,"template":"","format":"standard","meta":[],"categories":[4,18,5,3],"tags":[],"_links":{"self":[{"href":"http:\/\/diocese-aveiro.pt\/svicentebranca\/index.php?rest_route=\/wp\/v2\/posts\/2216"}],"collection":[{"href":"http:\/\/diocese-aveiro.pt\/svicentebranca\/index.php?rest_route=\/wp\/v2\/posts"}],"about":[{"href":"http:\/\/diocese-aveiro.pt\/svicentebranca\/index.php?rest_route=\/wp\/v2\/types\/post"}],"author":[{"embeddable":true,"href":"http:\/\/diocese-aveiro.pt\/svicentebranca\/index.php?rest_route=\/wp\/v2\/users\/1"}],"replies":[{"embeddable":true,"href":"http:\/\/diocese-aveiro.pt\/svicentebranca\/index.php?rest_route=%2Fwp%2Fv2%2Fcomments&post=2216"}],"version-history":[{"count":0,"href":"http:\/\/diocese-aveiro.pt\/svicentebranca\/index.php?rest_route=\/wp\/v2\/posts\/2216\/revisions"}],"wp:attachment":[{"href":"http:\/\/diocese-aveiro.pt\/svicentebranca\/index.php?rest_route=%2Fwp%2Fv2%2Fmedia&parent=2216"}],"wp:term":[{"taxonomy":"category","embeddable":true,"href":"http:\/\/diocese-aveiro.pt\/svicentebranca\/index.php?rest_route=%2Fwp%2Fv2%2Fcategories&post=2216"},{"taxonomy":"post_tag","embeddable":true,"href":"http:\/\/diocese-aveiro.pt\/svicentebranca\/index.php?rest_route=%2Fwp%2Fv2%2Ftags&post=2216"}],"curies":[{"name":"wp","href":"https:\/\/api.w.org\/{rel}","templated":true}]}}