{"id":2215,"date":"2011-12-18T18:06:00","date_gmt":"2011-12-18T18:06:00","guid":{"rendered":"http:\/\/diocese-aveiro.pt\/svicentebranca\/?p=2215"},"modified":"2011-12-18T18:06:00","modified_gmt":"2011-12-18T18:06:00","slug":"4a-semana-do-advento-1812-a-2412","status":"publish","type":"post","link":"http:\/\/diocese-aveiro.pt\/svicentebranca\/?p=2215","title":{"rendered":"4\u00aa Semana do Advento &#8211; 18\/12 a 24\/12"},"content":{"rendered":"<div><span><b>Preciso de ti!<\/b><\/span><\/div>\n<div><\/div>\n<div><i>\u00abA Deus nada \u00e9 imposs\u00edvel\u00bb.<\/i><\/div>\n<div><\/div>\n<div>Maria, a serva do Senhor, escutou o an\u00fancio da miss\u00e3o para a qual Deus a tinha escolhido.<\/div>\n<div><\/div>\n<div><\/div>\n<div>Maria \u00e9 um exemplo perfeito para a nossa vida. Tal como ela, tamb\u00e9m n\u00f3s temos que estar atentos \u00e0 miss\u00e3o que Deus tem para nos dar.<\/div>\n<div><\/div>\n<div>Como fam\u00edlia crist\u00e3, precisamos de sentir que somos chamados a tomar parte na vida e na miss\u00e3o da Igreja. Precisamos de abrir o nosso cora\u00e7\u00e3o ao amor de Deus para dizermos o nosso \u201cSIM\u201d, \u00edntegro e decidido.<\/div>\n<div><b><br \/><\/b><\/div>\n<div><b>Na constru\u00e7\u00e3o do pres\u00e9pio\u2026<\/b><br \/>Colocamos no nosso pres\u00e9pio uma <b>FLOR BRANCA<\/b> como sinal da simplicidade, delicadeza, aceita\u00e7\u00e3o, determina\u00e7\u00e3o e confian\u00e7a que aprendemos de Maria.<\/div>\n<div><\/div>\n<div><a href=\"http:\/\/1.bp.blogspot.com\/-2u17j1ckb20\/Tu4rffTy_mI\/AAAAAAAAAUk\/7alXrZqtwBY\/s1600\/Advento+4.JPG\" imageanchor=\"1\"><img decoding=\"async\" loading=\"lazy\" border=\"0\" height=\"287\" src=\"http:\/\/1.bp.blogspot.com\/-2u17j1ckb20\/Tu4rffTy_mI\/AAAAAAAAAUk\/7alXrZqtwBY\/s400\/Advento+4.JPG\" width=\"400\"><\/a><\/div>\n<div><\/div>\n<div>Acompanhe <a href=\"http:\/\/svicentebranca.blogspot.com\/search\/label\/Caminhada%20de%20Advento-Natal\"><b>aqui<\/b><\/a> todas as nossas publica\u00e7\u00f5es sobre a Caminhada de Advento-Natal 2011\/12.<\/div>\n<p><span><b>Fonte:<\/b> &#8220;Fam\u00edlia, Esperan\u00e7a e Dom!&#8221;, Caminhada de Advento-Natal 2011\/2012, Vigararia da Educa\u00e7\u00e3o Crist\u00e3, Diocese de Aveiro<\/span> <\/p>\n","protected":false},"excerpt":{"rendered":"<p>Preciso de ti! \u00abA Deus nada \u00e9 imposs\u00edvel\u00bb. Maria, a serva do Senhor, escutou o an\u00fancio da miss\u00e3o para a qual Deus a tinha escolhido. Maria \u00e9 um [&hellip;]<\/p>\n","protected":false},"author":1,"featured_media":0,"comment_status":"open","ping_status":"closed","sticky":false,"template":"","format":"standard","meta":[],"categories":[4,17,18],"tags":[],"_links":{"self":[{"href":"http:\/\/diocese-aveiro.pt\/svicentebranca\/index.php?rest_route=\/wp\/v2\/posts\/2215"}],"collection":[{"href":"http:\/\/diocese-aveiro.pt\/svicentebranca\/index.php?rest_route=\/wp\/v2\/posts"}],"about":[{"href":"http:\/\/diocese-aveiro.pt\/svicentebranca\/index.php?rest_route=\/wp\/v2\/types\/post"}],"author":[{"embeddable":true,"href":"http:\/\/diocese-aveiro.pt\/svicentebranca\/index.php?rest_route=\/wp\/v2\/users\/1"}],"replies":[{"embeddable":true,"href":"http:\/\/diocese-aveiro.pt\/svicentebranca\/index.php?rest_route=%2Fwp%2Fv2%2Fcomments&post=2215"}],"version-history":[{"count":0,"href":"http:\/\/diocese-aveiro.pt\/svicentebranca\/index.php?rest_route=\/wp\/v2\/posts\/2215\/revisions"}],"wp:attachment":[{"href":"http:\/\/diocese-aveiro.pt\/svicentebranca\/index.php?rest_route=%2Fwp%2Fv2%2Fmedia&parent=2215"}],"wp:term":[{"taxonomy":"category","embeddable":true,"href":"http:\/\/diocese-aveiro.pt\/svicentebranca\/index.php?rest_route=%2Fwp%2Fv2%2Fcategories&post=2215"},{"taxonomy":"post_tag","embeddable":true,"href":"http:\/\/diocese-aveiro.pt\/svicentebranca\/index.php?rest_route=%2Fwp%2Fv2%2Ftags&post=2215"}],"curies":[{"name":"wp","href":"https:\/\/api.w.org\/{rel}","templated":true}]}}