{"id":2213,"date":"2011-12-22T10:43:00","date_gmt":"2011-12-22T10:43:00","guid":{"rendered":"http:\/\/diocese-aveiro.pt\/svicentebranca\/?p=2213"},"modified":"2011-12-22T10:43:00","modified_gmt":"2011-12-22T10:43:00","slug":"natal-esperanca-e-dom","status":"publish","type":"post","link":"http:\/\/diocese-aveiro.pt\/svicentebranca\/?p=2213","title":{"rendered":"Natal, Esperan\u00e7a e Dom!"},"content":{"rendered":"<table align=\"center\">\n<tbody>\n<tr align=\"justify\">\n<td>\n<div><b><span><br \/><\/span><\/b><\/div>\n<div><b><span>Mensagem de Natal de D. Ant\u00f3nio Francisco, Bispo de Aveiro:<\/span><\/b><\/div>\n<div><span>\u00a0<\/span><i> <\/i><\/div>\n<div><i>&#8220;O Natal \u00e9 um acontecimento. Sempre novo e \u00fanico. Sempre diferente e irrepet\u00edvel. O Natal \u00e9 dom de Deus!  <\/p>\n<p> O Natal n\u00e3o precisa de acrescentos nem de adere\u00e7os. N\u00e3o carece de  adjectiva\u00e7\u00f5es nem de qualificativos. Porque s\u00f3 h\u00e1 um Natal: o Natal de  Jesus, o Filho de Deus.  <\/p>\n<p>O Natal ser\u00e1 tanto mais aut\u00eantico quanto mais o centrarmos em Jesus  Cristo e quanto melhor soubermos fazer deste tempo, (&#8230;) uma  oportunidade de procura de Deus e uma experi\u00eancia de encontro com a  Humanidade.<\/i><br \/><i><br \/>(&#8230;) Neste tempo de crise prolongada e de austeridade implac\u00e1vel para tantas  fam\u00edlias, o Natal n\u00e3o pode ser apenas um o\u00e1sis no deserto ou um momento  de tr\u00e9guas frente \u00e0 inclem\u00eancia injusta de tantas prova\u00e7\u00f5es para os mais  pobres. O Natal deve ser caminho para quantos procuram Deus e luz para  todos os que esperam dos crist\u00e3os respostas concretas e compromissos  corajosos de comunh\u00e3o solid\u00e1ria e de fraternidade efectiva com os que  mais sofrem.  <\/p>\n<p>O cora\u00e7\u00e3o humano \u00e9 o melhor pres\u00e9pio de Jesus, a fam\u00edlia a necess\u00e1ria  escola do Natal e a comunidade crist\u00e3 o fermento novo do Evangelho que o  Filho de Deus nos trouxe. Caros Diocesanos: que este Natal nos desperte com renovada alegria e  crescente encanto para uma bela miss\u00e3o, vivida j\u00e1 na expectativa da  pr\u00f3xima Miss\u00e3o Jubilar, conscientes de que no nascimento de Jesus se  revela o amor de Deus pela Humanidade e que este amor aprendido com  Jesus, o Filho de Deus, nos far\u00e1 mais evangelizados e evangelizadores,  mais generosos e solid\u00e1rios, mais atentos e felizes, mais pr\u00f3ximos e  irm\u00e3os, membros conscientes de uma Humanidade nova e construtores  activos de uma Igreja viva. <\/p>\n<p>  Um aben\u00e7oado e feliz Natal para todos.&#8221; <\/i>   <\/div>\n<div><i>   <\/i>Aveiro, 17 de Dezembro de 2011 <\/p>\n<p>Ant\u00f3nio Francisco dos Santos <br \/>Bispo de Aveiro<\/p>\n<div><\/div>\n<div><span>Fonte: Leia a mensagem na \u00edntegra no site da <a href=\"http:\/\/www.diocese-aveiro.pt\/noticia_detalhe.asp?id=304\" target=\"_blank\">Diocese de Aveiro<\/a><\/span><a href=\"http:\/\/www.diocese-aveiro.pt\/noticia_detalhe.asp?id=304\" target=\"_blank\"> <\/a><\/div>\n<\/div>\n<p><i><\/i><\/td>\n<\/tr>\n<\/tbody>\n<\/table>\n<p><\/p>\n","protected":false},"excerpt":{"rendered":"<p>Mensagem de Natal de D. Ant\u00f3nio Francisco, Bispo de Aveiro: \u00a0 &#8220;O Natal \u00e9 um acontecimento. Sempre novo e \u00fanico. Sempre diferente e irrepet\u00edvel. O Natal \u00e9 dom [&hellip;]<\/p>\n","protected":false},"author":1,"featured_media":0,"comment_status":"open","ping_status":"closed","sticky":false,"template":"","format":"standard","meta":[],"categories":[10,18],"tags":[],"_links":{"self":[{"href":"http:\/\/diocese-aveiro.pt\/svicentebranca\/index.php?rest_route=\/wp\/v2\/posts\/2213"}],"collection":[{"href":"http:\/\/diocese-aveiro.pt\/svicentebranca\/index.php?rest_route=\/wp\/v2\/posts"}],"about":[{"href":"http:\/\/diocese-aveiro.pt\/svicentebranca\/index.php?rest_route=\/wp\/v2\/types\/post"}],"author":[{"embeddable":true,"href":"http:\/\/diocese-aveiro.pt\/svicentebranca\/index.php?rest_route=\/wp\/v2\/users\/1"}],"replies":[{"embeddable":true,"href":"http:\/\/diocese-aveiro.pt\/svicentebranca\/index.php?rest_route=%2Fwp%2Fv2%2Fcomments&post=2213"}],"version-history":[{"count":0,"href":"http:\/\/diocese-aveiro.pt\/svicentebranca\/index.php?rest_route=\/wp\/v2\/posts\/2213\/revisions"}],"wp:attachment":[{"href":"http:\/\/diocese-aveiro.pt\/svicentebranca\/index.php?rest_route=%2Fwp%2Fv2%2Fmedia&parent=2213"}],"wp:term":[{"taxonomy":"category","embeddable":true,"href":"http:\/\/diocese-aveiro.pt\/svicentebranca\/index.php?rest_route=%2Fwp%2Fv2%2Fcategories&post=2213"},{"taxonomy":"post_tag","embeddable":true,"href":"http:\/\/diocese-aveiro.pt\/svicentebranca\/index.php?rest_route=%2Fwp%2Fv2%2Ftags&post=2213"}],"curies":[{"name":"wp","href":"https:\/\/api.w.org\/{rel}","templated":true}]}}