{"id":2212,"date":"2011-12-24T18:43:00","date_gmt":"2011-12-24T18:43:00","guid":{"rendered":"http:\/\/diocese-aveiro.pt\/svicentebranca\/?p=2212"},"modified":"2011-12-24T18:43:00","modified_gmt":"2011-12-24T18:43:00","slug":"natal-2512","status":"publish","type":"post","link":"http:\/\/diocese-aveiro.pt\/svicentebranca\/?p=2212","title":{"rendered":"Natal &#8211; 25\/12"},"content":{"rendered":"<div><span><b>Veio at\u00e9 aos seus<br \/>e os seus n\u00e3o O receberam<\/b><\/span><\/div>\n<div><\/div>\n<div><i>\u00abE o Verbo fez-Se carne e habitou entre n\u00f3s.<br \/>N\u00f3s vimos a sua gl\u00f3ria,<br \/>gl\u00f3ria que Lhe vem do Pai como Filho Unig\u00e9nito,<br \/>cheio de gra\u00e7a e de verdade\u00bb. <\/i><\/div>\n<div>\n<p>Jesus nasceu na cidade de Bel\u00e9m, no seio de uma fam\u00edlia pobre, e foi envolvido em panos e recostado numa manjedora. Jesus Cristo \u00e9 a Palavra do Pai feita Pessoa, Filho de Deus por natureza e n\u00e3o por adop\u00e7\u00e3o. \u00c9, em simult\u00e2neo, verdadeiro Deus e verdadeiro homem. Nasce para salvar. Apenas e s\u00f3. Para nos salvar. Por amor e para amar!<\/p>\n<p>Os nascimentos, a vida que se faz exist\u00eancia, s\u00e3o motores de realiza\u00e7\u00e3o e felicidade. A Fam\u00edlia de Nazar\u00e9, apesar das dificuldades, saboreou a alegria da vida nascente.<\/p>\n<p>Neste tempo em que vivemos, em que por diversificados factores, a natalidade anda \u201cnas ruas da amargura\u201d, precisamos de refor\u00e7ar a consci\u00eancia e a certeza de que a fam\u00edlia \u00e9 uma realidade sempre aberta \u00e0 vida.<\/div>\n<div><\/div>\n<div><b>Na constru\u00e7\u00e3o do pres\u00e9pio\u2026<\/b><br \/>Colocamos no nosso pres\u00e9pio o <b>MENINO JESUS<\/b>, em cima da B\u00edblia aberta, porque a Palavra fez-Se carne.<\/p>\n<\/div>\n<div><\/div>\n<div><a href=\"http:\/\/3.bp.blogspot.com\/-AzaDyGpxETM\/TvYc9wYLoqI\/AAAAAAAAAUw\/RreMPJBIZg4\/s1600\/Advento+5.JPG\" imageanchor=\"1\"><img decoding=\"async\" loading=\"lazy\" border=\"0\" height=\"283\" src=\"http:\/\/3.bp.blogspot.com\/-AzaDyGpxETM\/TvYc9wYLoqI\/AAAAAAAAAUw\/RreMPJBIZg4\/s400\/Advento+5.JPG\" width=\"400\"><\/a><\/div>\n<div><\/p>\n<div>Acompanhe <a href=\"http:\/\/svicentebranca.blogspot.com\/search\/label\/Caminhada%20de%20Advento-Natal\"><b>aqui<\/b><\/a> todas as nossas publica\u00e7\u00f5es sobre a Caminhada de Advento-Natal 2011\/12.<\/div>\n<p><span><b>Fonte:<\/b> &#8220;Fam\u00edlia, Esperan\u00e7a e Dom!&#8221;, Caminhada de Advento-Natal 2011\/2012, Vigararia da Educa\u00e7\u00e3o Crist\u00e3, Diocese de Aveiro<\/span><\/p>\n<\/div>\n","protected":false},"excerpt":{"rendered":"<p>Veio at\u00e9 aos seuse os seus n\u00e3o O receberam \u00abE o Verbo fez-Se carne e habitou entre n\u00f3s.N\u00f3s vimos a sua gl\u00f3ria,gl\u00f3ria que Lhe vem do Pai como [&hellip;]<\/p>\n","protected":false},"author":1,"featured_media":0,"comment_status":"open","ping_status":"closed","sticky":false,"template":"","format":"standard","meta":[],"categories":[17,18],"tags":[],"_links":{"self":[{"href":"http:\/\/diocese-aveiro.pt\/svicentebranca\/index.php?rest_route=\/wp\/v2\/posts\/2212"}],"collection":[{"href":"http:\/\/diocese-aveiro.pt\/svicentebranca\/index.php?rest_route=\/wp\/v2\/posts"}],"about":[{"href":"http:\/\/diocese-aveiro.pt\/svicentebranca\/index.php?rest_route=\/wp\/v2\/types\/post"}],"author":[{"embeddable":true,"href":"http:\/\/diocese-aveiro.pt\/svicentebranca\/index.php?rest_route=\/wp\/v2\/users\/1"}],"replies":[{"embeddable":true,"href":"http:\/\/diocese-aveiro.pt\/svicentebranca\/index.php?rest_route=%2Fwp%2Fv2%2Fcomments&post=2212"}],"version-history":[{"count":0,"href":"http:\/\/diocese-aveiro.pt\/svicentebranca\/index.php?rest_route=\/wp\/v2\/posts\/2212\/revisions"}],"wp:attachment":[{"href":"http:\/\/diocese-aveiro.pt\/svicentebranca\/index.php?rest_route=%2Fwp%2Fv2%2Fmedia&parent=2212"}],"wp:term":[{"taxonomy":"category","embeddable":true,"href":"http:\/\/diocese-aveiro.pt\/svicentebranca\/index.php?rest_route=%2Fwp%2Fv2%2Fcategories&post=2212"},{"taxonomy":"post_tag","embeddable":true,"href":"http:\/\/diocese-aveiro.pt\/svicentebranca\/index.php?rest_route=%2Fwp%2Fv2%2Ftags&post=2212"}],"curies":[{"name":"wp","href":"https:\/\/api.w.org\/{rel}","templated":true}]}}