{"id":2211,"date":"2011-12-25T18:20:00","date_gmt":"2011-12-25T18:20:00","guid":{"rendered":"http:\/\/diocese-aveiro.pt\/svicentebranca\/?p=2211"},"modified":"2011-12-25T18:20:00","modified_gmt":"2011-12-25T18:20:00","slug":"natal-de-nosso-senhor-jesus-cristo-25-de-dezembro","status":"publish","type":"post","link":"http:\/\/diocese-aveiro.pt\/svicentebranca\/?p=2211","title":{"rendered":"Natal de Nosso Senhor Jesus Cristo &#8211; 25 de Dezembro"},"content":{"rendered":"<table align=\"center\" cellpadding=\"0\" cellspacing=\"0\">\n<tbody>\n<tr>\n<td><a href=\"http:\/\/2.bp.blogspot.com\/-aFVHb0f1k-s\/TvdnYD8GUPI\/AAAAAAAAAU8\/QrULn-et3u8\/s1600\/nativity\" imageanchor=\"1\"><img decoding=\"async\" loading=\"lazy\" border=\"0\" height=\"400\" src=\"http:\/\/2.bp.blogspot.com\/-aFVHb0f1k-s\/TvdnYD8GUPI\/AAAAAAAAAU8\/QrULn-et3u8\/s400\/nativity\" width=\"341\"><\/a><\/td>\n<\/tr>\n<tr>\n<td><span><span>&#8220;<i>O nascimento de Jesus<\/i>&#8221; (1653) de Nicolas Poussin<br \/>Pintura exposta em Alte Pinakothec, Munique (Alemanha)<\/span><\/span><\/td>\n<\/tr>\n<\/tbody>\n<\/table>\n<p><b>Tema:<\/b> <i>&#8220;O Verbo fez-se carne<\/i><i>&#8220;<\/i><\/p>\n<p><b>1\u00aa Leitura:<\/b> Is 52, 7-10<\/p>\n<p><b>2\u00aa Leitura:<\/b> Heb 1, 1-6<\/p>\n<p><b>Evangelho:<\/b> Jo 1, 1-18<\/p>\n<p><b>Coment\u00e1rio:<\/b><\/p>\n<div>S. Jo\u00e3o coloca o Verbo em Deus, apresentando a sua preexist\u00eancia eterna, a intimidade de vida com o Pai e a sua natureza divina. O Verbo \u00e9 for\u00e7a que cria, revela\u00e7\u00e3o que ilumina, pessoa que comunica a vida de Deus.<\/p>\n<p>Para o homem da B\u00edblia \u00aba Palavra\u00bb \u00e9 a express\u00e3o mais profunda e \u00edntima duma pessoa e o pr\u00f3prio Deus n\u00e3o seria Deus se n\u00e3o comunicasse a sua Palavra do fundo do seu Ser. O Verbo \u00e9 gerado eternamente do profundo do seio do Deus-Amor; ele \u00e9 o rosto do Pai, \u00e9 a igualdade na diversidade das duas pessoas que se amam e comunicam entre si. <\/p>\n<p>Todo o homem \u00e9 feito para a luz e \u00e9 chamado a ser iluminado pelo Verbo com e luz eterna de Deus que \u00e9 a pr\u00f3pria vida do Pai dada ao Filho. A luz de Cristo brilha em todo o homem que vem ao mundo e as trevas lutam para a eliminar. Todavia, o ambiente do mal, que se op\u00f5e \u00e0 luz de Deus e \u00e0 palavra de Jesus-Verbo, n\u00e3o consegue ter a vantagem e vencer. <\/p>\n<p>Jesus \u00e9 a luz aut\u00eantica e perfeita que apaga as aspira\u00e7\u00f5es humanas; a \u00fanica que d\u00e1 sentido a todas as outras luzes que aparecem na cena do mundo. Esta luz divina ilumina cada homem que nasce neste mundo. \u00c9 a luz que se oferece no \u00edntimo de todo o ser como presen\u00e7a, est\u00edmulo e salva\u00e7\u00e3o. <\/p>\n<p>O Evangelho afirma que \u00abo Verbo se fez carne\u00bb, isto \u00e9, que a Palavra se fez homem, na sua fragilidade e impot\u00eancia, como qualquer criatura, nascendo duma mulher, Maria. \u00c9 este o an\u00fancio que \u00e9 necess\u00e1rio crer para se ser salvo: \u00abTodo o esp\u00edrito que reconhece Jesus Cristo vindo na carne, \u00e9 de Deus; todo o esp\u00edrito que n\u00e3o reconhece Jesus, n\u00e3o \u00e9 de Deus (1Jo 4,2-3). <\/p>\n<p>Jesus \u00e9 a revela\u00e7\u00e3o de Deus, mas de modo escondido e humilde. No evangelho de Jo\u00e3o, a gl\u00f3ria do Senhor \u00e9 algo de interior que s\u00f3 o homem de f\u00e9 pode compreender. A \u00abgl\u00f3ria\u00bb de Cristo \u00e9 a verdade do seu mist\u00e9rio: a revela\u00e7\u00e3o no homem-Jesus do Filho de Deus vindo de junto do Pai.<\/p>\n<p>Toda a vida de Jesus se desenrolou como vida filial, numa atitude de escuta e de obedi\u00eancia ao Pai, numa rela\u00e7\u00e3o de amor com o Pai e como manifesta\u00e7\u00e3o do Pai.<\/p>\n<\/div>\n<div><\/div>\n<div><\/div>\n<p><\/p>\n<div><\/div>\n<div><span>Fonte: <a href=\"http:\/\/www.diocese-aveiro.pt\/boanova.asp\">Boa Nova<\/a> &#8211; Diocese de Aveiro\u00a0 (adapta\u00e7\u00e3o)<\/span>\u00a0\u00a0<\/p>\n<\/div>\n","protected":false},"excerpt":{"rendered":"<p>&#8220;O nascimento de Jesus&#8221; (1653) de Nicolas PoussinPintura exposta em Alte Pinakothec, Munique (Alemanha) Tema: &#8220;O Verbo fez-se carne&#8220; 1\u00aa Leitura: Is 52, 7-10 2\u00aa Leitura: Heb 1, [&hellip;]<\/p>\n","protected":false},"author":1,"featured_media":0,"comment_status":"open","ping_status":"closed","sticky":false,"template":"","format":"standard","meta":[],"categories":[18,5,3],"tags":[],"_links":{"self":[{"href":"http:\/\/diocese-aveiro.pt\/svicentebranca\/index.php?rest_route=\/wp\/v2\/posts\/2211"}],"collection":[{"href":"http:\/\/diocese-aveiro.pt\/svicentebranca\/index.php?rest_route=\/wp\/v2\/posts"}],"about":[{"href":"http:\/\/diocese-aveiro.pt\/svicentebranca\/index.php?rest_route=\/wp\/v2\/types\/post"}],"author":[{"embeddable":true,"href":"http:\/\/diocese-aveiro.pt\/svicentebranca\/index.php?rest_route=\/wp\/v2\/users\/1"}],"replies":[{"embeddable":true,"href":"http:\/\/diocese-aveiro.pt\/svicentebranca\/index.php?rest_route=%2Fwp%2Fv2%2Fcomments&post=2211"}],"version-history":[{"count":0,"href":"http:\/\/diocese-aveiro.pt\/svicentebranca\/index.php?rest_route=\/wp\/v2\/posts\/2211\/revisions"}],"wp:attachment":[{"href":"http:\/\/diocese-aveiro.pt\/svicentebranca\/index.php?rest_route=%2Fwp%2Fv2%2Fmedia&parent=2211"}],"wp:term":[{"taxonomy":"category","embeddable":true,"href":"http:\/\/diocese-aveiro.pt\/svicentebranca\/index.php?rest_route=%2Fwp%2Fv2%2Fcategories&post=2211"},{"taxonomy":"post_tag","embeddable":true,"href":"http:\/\/diocese-aveiro.pt\/svicentebranca\/index.php?rest_route=%2Fwp%2Fv2%2Ftags&post=2211"}],"curies":[{"name":"wp","href":"https:\/\/api.w.org\/{rel}","templated":true}]}}