{"id":2209,"date":"2011-12-31T18:53:00","date_gmt":"2011-12-31T18:53:00","guid":{"rendered":"http:\/\/diocese-aveiro.pt\/svicentebranca\/?p=2209"},"modified":"2011-12-31T18:53:00","modified_gmt":"2011-12-31T18:53:00","slug":"sagrada-familia-3012","status":"publish","type":"post","link":"http:\/\/diocese-aveiro.pt\/svicentebranca\/?p=2209","title":{"rendered":"Sagrada Fam\u00edlia &#8211; 30\/12"},"content":{"rendered":"<div><b><span>O Menino crescia em gra\u00e7a e sabedoria.<\/span><\/b><br \/><b><span>Deus estava com Ele.<\/span><\/b><\/div>\n<div><i>\u00abO pai e a m\u00e3e do Menino Jesus estavam admirados com<br \/>o que Dele se dizia.<br \/>Sime\u00e3o aben\u00e7oou-os (\u2026) e o menino crescia e<br \/>robustecia-se, enchendo-se de sabedoria, e a gra\u00e7a de<br \/>Deus estava com Ele.\u00bb<\/i><\/div>\n<div><\/div>\n<div><\/div>\n<div>Acompanhe <a href=\"http:\/\/svicentebranca.blogspot.com\/search\/label\/Caminhada%20de%20Advento-Natal\"><b>aqui<\/b><\/a> todas as nossas publica\u00e7\u00f5es sobre a Caminhada de Advento-Natal 2011\/12.<\/div>\n<p><span><b>Fonte:<\/b> &#8220;Fam\u00edlia, Esperan\u00e7a e Dom!&#8221;, Caminhada de Advento-Natal 2011\/2012, Vigararia da Educa\u00e7\u00e3o Crist\u00e3, Diocese de Aveiro<\/span><\/p>\n<div>\n<\/div>\n","protected":false},"excerpt":{"rendered":"<p>O Menino crescia em gra\u00e7a e sabedoria.Deus estava com Ele. \u00abO pai e a m\u00e3e do Menino Jesus estavam admirados como que Dele se dizia.Sime\u00e3o aben\u00e7oou-os (\u2026) e [&hellip;]<\/p>\n","protected":false},"author":1,"featured_media":0,"comment_status":"open","ping_status":"closed","sticky":false,"template":"","format":"standard","meta":[],"categories":[17],"tags":[],"_links":{"self":[{"href":"http:\/\/diocese-aveiro.pt\/svicentebranca\/index.php?rest_route=\/wp\/v2\/posts\/2209"}],"collection":[{"href":"http:\/\/diocese-aveiro.pt\/svicentebranca\/index.php?rest_route=\/wp\/v2\/posts"}],"about":[{"href":"http:\/\/diocese-aveiro.pt\/svicentebranca\/index.php?rest_route=\/wp\/v2\/types\/post"}],"author":[{"embeddable":true,"href":"http:\/\/diocese-aveiro.pt\/svicentebranca\/index.php?rest_route=\/wp\/v2\/users\/1"}],"replies":[{"embeddable":true,"href":"http:\/\/diocese-aveiro.pt\/svicentebranca\/index.php?rest_route=%2Fwp%2Fv2%2Fcomments&post=2209"}],"version-history":[{"count":0,"href":"http:\/\/diocese-aveiro.pt\/svicentebranca\/index.php?rest_route=\/wp\/v2\/posts\/2209\/revisions"}],"wp:attachment":[{"href":"http:\/\/diocese-aveiro.pt\/svicentebranca\/index.php?rest_route=%2Fwp%2Fv2%2Fmedia&parent=2209"}],"wp:term":[{"taxonomy":"category","embeddable":true,"href":"http:\/\/diocese-aveiro.pt\/svicentebranca\/index.php?rest_route=%2Fwp%2Fv2%2Fcategories&post=2209"},{"taxonomy":"post_tag","embeddable":true,"href":"http:\/\/diocese-aveiro.pt\/svicentebranca\/index.php?rest_route=%2Fwp%2Fv2%2Ftags&post=2209"}],"curies":[{"name":"wp","href":"https:\/\/api.w.org\/{rel}","templated":true}]}}