{"id":2208,"date":"2012-01-01T21:24:00","date_gmt":"2012-01-01T21:24:00","guid":{"rendered":"http:\/\/diocese-aveiro.pt\/svicentebranca\/?p=2208"},"modified":"2012-01-01T21:24:00","modified_gmt":"2012-01-01T21:24:00","slug":"solenidade-de-santa-maria-mae-de-deus-1-de-janeiro","status":"publish","type":"post","link":"http:\/\/diocese-aveiro.pt\/svicentebranca\/?p=2208","title":{"rendered":"Solenidade de Santa Maria, M\u00e3e de Deus &#8211; 1 de Janeiro"},"content":{"rendered":"<p><b>Tema:<\/b> <i>&#8220;Glorificando e louvando a Deus por tudo o que tinham visto e ouvido<\/i><i>&#8220;<\/i><\/p>\n<p><b>1\u00aa Leitura:<\/b> Num 6, 22-27<\/p>\n<p><b>2\u00aa Leitura:<\/b> Gal 4, 4-7 <\/p>\n<p><b>Evangelho:<\/b> Lc 2, 16-21<\/p>\n<p><b>Mensagem<\/b>:<\/p>\n<div>O nascimento de Jesus foi de tal maneira pobre que s\u00f3 podia ser  anunciado e entendido por aqueles que estavam exclu\u00eddos da sociedade,  como eram os pastores. Come\u00e7a aqui uma hist\u00f3ria de aceita\u00e7\u00e3o e rejei\u00e7\u00e3o  que se vai prolongar por toda a vida de Jesus. Os pobres e rejeitados  s\u00e3o os \u00fanicos que compreendem a felicidade profunda como dom divino. \u00c9  por isso que os pastores foram escolhidos como testemunhas e arautos dum  nascimento que nada tinha de especial segundo o pensamento da \u00e9poca.  Vejamos o seu comportamento. <\/p>\n<p>Maria conservava estas coisas, meditando-as no seu cora\u00e7\u00e3o, isto \u00e9, est\u00e1  recolhida e concentrada em si mesma para penetrar mais a fundo no  significado dos acontecimentos em que se encontrou envolvida e das  palavras dos pastores sobre o menino. Maria torna-se, assim, s\u00edmbolo e  modelo da comunidade crist\u00e3 que, em atitude sapiencial e contemplativa  procura assimilar interiormente o mist\u00e9rio do Verbo incarnado. Podemos  observar que a experi\u00eancia crist\u00e3, neste texto, \u00e9 expressa por poucos  verbos que est\u00e3o relacionados entre si: escutar, obedecer, encontrar,  ver, testemunhal, louvar. <\/p>\n<p>O texto encerra com o rito da circuncis\u00e3o, como qualquer judeu, e a  imposi\u00e7\u00e3o do nome. Mas n\u00e3o \u00e9 o pai quem escolhe e d\u00e1 o nome, como fez  Zacarias em rela\u00e7\u00e3o a Jo\u00e3o. O nome foi escolhido por Deus, o Pai  Alt\u00edssimo, na linha dos grandes protagonistas da Hist\u00f3ria da Salva\u00e7\u00e3o a  quem Deus confere o nome a indicar a fun\u00e7\u00e3o e o destino. Jesus, Yeshua,  significa \u00abYahweh salva\u00bb. Jesus, Filho de Deus, \u00e9 o Salvador, mais: Ele \u00e9  a Salva\u00e7\u00e3o, como logo a seguir Sime\u00e3o ir\u00e1 reconhecer.<\/p><\/div>\n<div><\/div>\n<table align=\"center\" cellpadding=\"0\" cellspacing=\"0\">\n<tbody>\n<tr>\n<td><a href=\"http:\/\/1.bp.blogspot.com\/-SHpEKmoxzRQ\/TwDN_wEy2ZI\/AAAAAAAAAVI\/dI9XEKk1_rw\/s1600\/feti3.jpg\" imageanchor=\"1\"><img decoding=\"async\" loading=\"lazy\" border=\"0\" height=\"400\" src=\"http:\/\/1.bp.blogspot.com\/-SHpEKmoxzRQ\/TwDN_wEy2ZI\/AAAAAAAAAVI\/dI9XEKk1_rw\/s400\/feti3.jpg\" width=\"295\"><\/a><\/td>\n<\/tr>\n<tr>\n<td><span>&#8220;<i>Adora\u00e7\u00e3o dos Pastores<\/i>&#8221; de Domenico Feti<br \/>Pintura exposta no Museu Hermitage, S\u00e3o Petersburgo (R\u00fassia)<\/span><\/td>\n<\/tr>\n<\/tbody>\n<\/table>\n<div><\/div>\n<p><span>Fonte: <a href=\"http:\/\/www.diocese-aveiro.pt\/boanova.asp\">Boa Nova<\/a> &#8211; Diocese de Aveiro\u00a0 (adapta\u00e7\u00e3o)<\/span>\u00a0<\/p>\n","protected":false},"excerpt":{"rendered":"<p>Tema: &#8220;Glorificando e louvando a Deus por tudo o que tinham visto e ouvido&#8220; 1\u00aa Leitura: Num 6, 22-27 2\u00aa Leitura: Gal 4, 4-7 Evangelho: Lc 2, 16-21 [&hellip;]<\/p>\n","protected":false},"author":1,"featured_media":0,"comment_status":"open","ping_status":"closed","sticky":false,"template":"","format":"standard","meta":[],"categories":[18,5,3],"tags":[],"_links":{"self":[{"href":"http:\/\/diocese-aveiro.pt\/svicentebranca\/index.php?rest_route=\/wp\/v2\/posts\/2208"}],"collection":[{"href":"http:\/\/diocese-aveiro.pt\/svicentebranca\/index.php?rest_route=\/wp\/v2\/posts"}],"about":[{"href":"http:\/\/diocese-aveiro.pt\/svicentebranca\/index.php?rest_route=\/wp\/v2\/types\/post"}],"author":[{"embeddable":true,"href":"http:\/\/diocese-aveiro.pt\/svicentebranca\/index.php?rest_route=\/wp\/v2\/users\/1"}],"replies":[{"embeddable":true,"href":"http:\/\/diocese-aveiro.pt\/svicentebranca\/index.php?rest_route=%2Fwp%2Fv2%2Fcomments&post=2208"}],"version-history":[{"count":0,"href":"http:\/\/diocese-aveiro.pt\/svicentebranca\/index.php?rest_route=\/wp\/v2\/posts\/2208\/revisions"}],"wp:attachment":[{"href":"http:\/\/diocese-aveiro.pt\/svicentebranca\/index.php?rest_route=%2Fwp%2Fv2%2Fmedia&parent=2208"}],"wp:term":[{"taxonomy":"category","embeddable":true,"href":"http:\/\/diocese-aveiro.pt\/svicentebranca\/index.php?rest_route=%2Fwp%2Fv2%2Fcategories&post=2208"},{"taxonomy":"post_tag","embeddable":true,"href":"http:\/\/diocese-aveiro.pt\/svicentebranca\/index.php?rest_route=%2Fwp%2Fv2%2Ftags&post=2208"}],"curies":[{"name":"wp","href":"https:\/\/api.w.org\/{rel}","templated":true}]}}