{"id":2207,"date":"2012-01-01T21:33:00","date_gmt":"2012-01-01T21:33:00","guid":{"rendered":"http:\/\/diocese-aveiro.pt\/svicentebranca\/?p=2207"},"modified":"2012-01-01T21:33:00","modified_gmt":"2012-01-01T21:33:00","slug":"santa-maria-mae-de-deus-11","status":"publish","type":"post","link":"http:\/\/diocese-aveiro.pt\/svicentebranca\/?p=2207","title":{"rendered":"Santa Maria M\u00e3e de Deus &#8211; 1\/1"},"content":{"rendered":"<div><span><b>Maria guardava tudo no seu cora\u00e7\u00e3o!<\/b><\/span><\/div>\n<div><\/div>\n<div><\/div>\n<div><i>\u00abTodos os que ouviram se admiraram do que lhes diziam<br \/>os pastores\u00bb.<\/i><\/div>\n<div><\/div>\n<p><\/p>\n<div>O evangelista Lucas relata-nos que, depois do Anjo do Senhor anunciar aos pastores que Jesus ia nascer, estes foram apressadamente e encontraram Maria, Jos\u00e9 e o menino deitado na manjedoura.<\/p>\n<p>A humildade dos pastores permitiu-lhes compreender os mist\u00e9rios de Deus feito Homem. \u00c9 com esta humildade que somos desafiados, hoje, como fam\u00edlia, a colocarmo-nos ao servi\u00e7o uns dos outros. A exemplo dos pastores e de Santa Maria, como fam\u00edlia crist\u00e3, saibamos adorar o Deus Menino e dar testemunho Dele com a nossa vida.  <\/p><\/div>\n<div><\/div>\n<div><b>Na constru\u00e7\u00e3o do pres\u00e9pio\u2026<\/b><br \/>Colocamos no nosso pres\u00e9pio a <b>TERRA<\/b>, porque \u00e9 sinal da humildade que aprendemos com os pastores.<\/div>\n<div><\/div>\n<div><a href=\"http:\/\/3.bp.blogspot.com\/-B4mQqaFRoeY\/TwDRFcP7o_I\/AAAAAAAAAVU\/Ahogp4W1EhQ\/s1600\/Advento+6.JPG\" imageanchor=\"1\"><img decoding=\"async\" loading=\"lazy\" border=\"0\" height=\"283\" src=\"http:\/\/3.bp.blogspot.com\/-B4mQqaFRoeY\/TwDRFcP7o_I\/AAAAAAAAAVU\/Ahogp4W1EhQ\/s400\/Advento+6.JPG\" width=\"400\">\u00a0<\/a><\/div>\n<div><\/div>\n<div>Acompanhe <a href=\"http:\/\/svicentebranca.blogspot.com\/search\/label\/Caminhada%20de%20Advento-Natal\"><b>aqui<\/b><\/a> todas as nossas publica\u00e7\u00f5es sobre a Caminhada de Advento-Natal 2011\/12.<\/div>\n<p><span><b>Fonte:<\/b> &#8220;Fam\u00edlia, Esperan\u00e7a e Dom!&#8221;, Caminhada de Advento-Natal 2011\/2012, Vigararia da Educa\u00e7\u00e3o Crist\u00e3, Diocese de Aveiro<\/span><\/p>\n<div><\/div>\n<div><\/div>\n","protected":false},"excerpt":{"rendered":"<p>Maria guardava tudo no seu cora\u00e7\u00e3o! \u00abTodos os que ouviram se admiraram do que lhes diziamos pastores\u00bb. O evangelista Lucas relata-nos que, depois do Anjo do Senhor anunciar [&hellip;]<\/p>\n","protected":false},"author":1,"featured_media":0,"comment_status":"open","ping_status":"closed","sticky":false,"template":"","format":"standard","meta":[],"categories":[17],"tags":[],"_links":{"self":[{"href":"http:\/\/diocese-aveiro.pt\/svicentebranca\/index.php?rest_route=\/wp\/v2\/posts\/2207"}],"collection":[{"href":"http:\/\/diocese-aveiro.pt\/svicentebranca\/index.php?rest_route=\/wp\/v2\/posts"}],"about":[{"href":"http:\/\/diocese-aveiro.pt\/svicentebranca\/index.php?rest_route=\/wp\/v2\/types\/post"}],"author":[{"embeddable":true,"href":"http:\/\/diocese-aveiro.pt\/svicentebranca\/index.php?rest_route=\/wp\/v2\/users\/1"}],"replies":[{"embeddable":true,"href":"http:\/\/diocese-aveiro.pt\/svicentebranca\/index.php?rest_route=%2Fwp%2Fv2%2Fcomments&post=2207"}],"version-history":[{"count":0,"href":"http:\/\/diocese-aveiro.pt\/svicentebranca\/index.php?rest_route=\/wp\/v2\/posts\/2207\/revisions"}],"wp:attachment":[{"href":"http:\/\/diocese-aveiro.pt\/svicentebranca\/index.php?rest_route=%2Fwp%2Fv2%2Fmedia&parent=2207"}],"wp:term":[{"taxonomy":"category","embeddable":true,"href":"http:\/\/diocese-aveiro.pt\/svicentebranca\/index.php?rest_route=%2Fwp%2Fv2%2Fcategories&post=2207"},{"taxonomy":"post_tag","embeddable":true,"href":"http:\/\/diocese-aveiro.pt\/svicentebranca\/index.php?rest_route=%2Fwp%2Fv2%2Ftags&post=2207"}],"curies":[{"name":"wp","href":"https:\/\/api.w.org\/{rel}","templated":true}]}}