{"id":2204,"date":"2012-01-06T12:12:00","date_gmt":"2012-01-06T12:12:00","guid":{"rendered":"http:\/\/diocese-aveiro.pt\/svicentebranca\/?p=2204"},"modified":"2012-01-06T12:12:00","modified_gmt":"2012-01-06T12:12:00","slug":"epifania-do-senhor-61-a-81","status":"publish","type":"post","link":"http:\/\/diocese-aveiro.pt\/svicentebranca\/?p=2204","title":{"rendered":"Epifania do Senhor &#8211; 6\/1 a 8\/1"},"content":{"rendered":"<div><span><b>Ao v\u00ea-Lo, abriram os cofres.<\/b><\/span><\/div>\n<div><i>\u00abOuvido o rei, puseram-se a caminho.<br \/>E eis que a estrela que tinham visto no Oriente<br \/>seguia \u00e0 sua frente<br \/>e parou sobre o lugar onde estava o Menino.<br \/>Ao ver a estrela, sentiram grande alegria\u00bb.<\/i><\/div>\n<div><\/div>\n<div><\/div>\n<div>A adora\u00e7\u00e3o que os Magos fazem no pres\u00e9pio, oferecendo ouro, incenso e mirra, simboliza o mundo pag\u00e3o que reconhece Naquele Menino o Messias prometido. Os Magos \u201cfazem-se ao caminho\u201d, ao passo que Herodes nem se levanta da cadeira do poder.\u00a0 Os Magos procuram a verdade, Herodes procura maneira de a matar.<\/div>\n<div><\/div>\n<div>Como fam\u00edlia crist\u00e3, estamos apostados em fazer caminho, na busca e na descoberta da novidade e de sentido.<\/div>\n<div>Precisamos de nos recriar, como fam\u00edlia, para combater a rotina e a monotonia dos dias que passam.<\/div>\n<div>Como o poeta, sabemos que \u201co caminho faz-se ao andar\u201d. Ent\u00e3o: andemos!<\/div>\n<div><\/div>\n<div><b>Na constru\u00e7\u00e3o do pres\u00e9pio\u2026<\/b><\/div>\n<div>Colocamos no nosso pres\u00e9pio a <b>ESTRELA<\/b>: porque queremos estar atentos aos sinais que nos levam a encontrar Jesus.<\/div>\n<p><\/p>\n<div><a href=\"http:\/\/3.bp.blogspot.com\/-RKN7aGsLNZE\/Twbk-T75SYI\/AAAAAAAAAVo\/49tly-sfw7Y\/s1600\/Advento+7.JPG\" imageanchor=\"1\"><img decoding=\"async\" loading=\"lazy\" border=\"0\" height=\"288\" src=\"http:\/\/3.bp.blogspot.com\/-RKN7aGsLNZE\/Twbk-T75SYI\/AAAAAAAAAVo\/49tly-sfw7Y\/s400\/Advento+7.JPG\" width=\"400\"><\/a><\/div>\n<div>Acompanhe <a href=\"http:\/\/svicentebranca.blogspot.com\/search\/label\/Caminhada%20de%20Advento-Natal\"><b>aqui<\/b><\/a> todas as nossas publica\u00e7\u00f5es sobre a Caminhada de Advento-Natal 2011\/12.<\/div>\n<p><span><b>Fonte:<\/b> &#8220;Fam\u00edlia, Esperan\u00e7a e Dom!&#8221;, Caminhada de Advento-Natal 2011\/2012, Vigararia da Educa\u00e7\u00e3o Crist\u00e3, Diocese de Aveiro<\/span><\/p>\n","protected":false},"excerpt":{"rendered":"<p>Ao v\u00ea-Lo, abriram os cofres. \u00abOuvido o rei, puseram-se a caminho.E eis que a estrela que tinham visto no Orienteseguia \u00e0 sua frentee parou sobre o lugar onde [&hellip;]<\/p>\n","protected":false},"author":1,"featured_media":0,"comment_status":"open","ping_status":"closed","sticky":false,"template":"","format":"standard","meta":[],"categories":[17],"tags":[],"_links":{"self":[{"href":"http:\/\/diocese-aveiro.pt\/svicentebranca\/index.php?rest_route=\/wp\/v2\/posts\/2204"}],"collection":[{"href":"http:\/\/diocese-aveiro.pt\/svicentebranca\/index.php?rest_route=\/wp\/v2\/posts"}],"about":[{"href":"http:\/\/diocese-aveiro.pt\/svicentebranca\/index.php?rest_route=\/wp\/v2\/types\/post"}],"author":[{"embeddable":true,"href":"http:\/\/diocese-aveiro.pt\/svicentebranca\/index.php?rest_route=\/wp\/v2\/users\/1"}],"replies":[{"embeddable":true,"href":"http:\/\/diocese-aveiro.pt\/svicentebranca\/index.php?rest_route=%2Fwp%2Fv2%2Fcomments&post=2204"}],"version-history":[{"count":0,"href":"http:\/\/diocese-aveiro.pt\/svicentebranca\/index.php?rest_route=\/wp\/v2\/posts\/2204\/revisions"}],"wp:attachment":[{"href":"http:\/\/diocese-aveiro.pt\/svicentebranca\/index.php?rest_route=%2Fwp%2Fv2%2Fmedia&parent=2204"}],"wp:term":[{"taxonomy":"category","embeddable":true,"href":"http:\/\/diocese-aveiro.pt\/svicentebranca\/index.php?rest_route=%2Fwp%2Fv2%2Fcategories&post=2204"},{"taxonomy":"post_tag","embeddable":true,"href":"http:\/\/diocese-aveiro.pt\/svicentebranca\/index.php?rest_route=%2Fwp%2Fv2%2Ftags&post=2204"}],"curies":[{"name":"wp","href":"https:\/\/api.w.org\/{rel}","templated":true}]}}