{"id":2202,"date":"2012-01-15T18:51:00","date_gmt":"2012-01-15T18:51:00","guid":{"rendered":"http:\/\/diocese-aveiro.pt\/svicentebranca\/?p=2202"},"modified":"2012-01-15T18:51:00","modified_gmt":"2012-01-15T18:51:00","slug":"ii-domingo-do-tempo-comum-15-de-janeiro","status":"publish","type":"post","link":"http:\/\/diocese-aveiro.pt\/svicentebranca\/?p=2202","title":{"rendered":"II Domingo do Tempo Comum &#8211; 15 de Janeiro"},"content":{"rendered":"<div><b>Tema:<\/b> &#8220;<i>Vinde e Vede<\/i>&#8220;<\/p>\n<p><b>1\u00aa Leitura:<\/b> 1 Sam 3, 3b-10.19<br \/><b><br \/> 2\u00aa Leitura:<\/b> 1 Cor 6,13c-15a.17-20 <\/p>\n<p><b>Evangelho:<\/b> Jo 1,35-42 <\/p>\n<p><b>Mensagem: <\/b><\/p>\n<p>Na linha duma sucess\u00e3o de dias de apresenta\u00e7\u00e3o de Jesus, o evangelista Jo\u00e3o mostra-nos a figura de Jo\u00e3o Baptista que est\u00e1 a terminar a sua miss\u00e3o. Ele estava de novo ali, parado, enquanto Jesus passava. Jesus j\u00e1 tinha iniciado o seu caminho, a sua miss\u00e3o.<\/p>\n<p>Jo\u00e3o fixou o olhar em Jesus. O verbo <i>embl\u00e9pein<\/i>, traduzido aqui por fixar o olhar, significa ver dentro, captar o \u00edntimo da pessoa. Aquele Jesus que passa \u00e9 percebido e apresentado como o Cordeiro de Deus. <\/p>\n<p>No dia anterior, Jo\u00e3o tinha identificado Jesus como o \u00ab<i>Cordeiro de Deus que tira o pecado do mundo<\/i>\u00bb (cf. Jo 1,29). Na mente do evangelista Jesus \u00e9 o novo Cordeiro pascal cujo sacrif\u00edcio libertar\u00e1 do pecado e da morte (Jo 19,14); \u00e9 o Servo do Senhor que, como cordeiro levado ao matadouro, tomou sobre si os pecados de muitos e sofreu pelos culpados (Is 53,7.12); \u00e9 o novo Isaac, o filho bem amado do Pai, o cordeiro de substitui\u00e7\u00e3o (cf. Gn 22,1-18) que se oferece espontaneamente por amor.<\/p>\n<table cellpadding=\"0\" cellspacing=\"0\">\n<tbody>\n<tr>\n<td><a href=\"http:\/\/4.bp.blogspot.com\/-zZH-3oZYyps\/TxMc_B7RrzI\/AAAAAAAAAVw\/G1ZcR5Vn2ug\/s1600\/Jesus+Andre+e+Pedro.jpg\"><img decoding=\"async\" loading=\"lazy\" border=\"0\" height=\"320\" src=\"http:\/\/4.bp.blogspot.com\/-zZH-3oZYyps\/TxMc_B7RrzI\/AAAAAAAAAVw\/G1ZcR5Vn2ug\/s320\/Jesus+Andre+e+Pedro.jpg\" width=\"244\"><\/a><\/td>\n<\/tr>\n<tr>\n<td><span>&#8220;Jesus chama Andr\u00e9 e Pedro&#8221; (1673) de Michel Corneille\u00a0\u00a0\u00a0\u00a0 <br \/>Pintura exposta no Museu de Belas Artes, Renne (Fran\u00e7a)<br \/><\/span><\/td>\n<\/tr>\n<\/tbody>\n<\/table>\n<p>\u00c9 o testemunho de Jo\u00e3o que incita os dois disc\u00edpulos a seguirem Jesus. \u00ab<i>Que procurais?<\/i>\u00bb \u00e9 a primeira palavra de Jesus no Evangelho de S. Jo\u00e3o. Eles andavam \u00e0 procura de algo que pensavam encontrar em Jo\u00e3o Baptista e que agora procuram em Jesus. Chamam-lhe Rabbi (\u00ab<i>mestre<\/i>\u00bb), um t\u00edtulo comum dado a qualquer mestre daquele tempo, porque esperam aprender alguma coisa com ele. <\/p>\n<p>\u00ab<i>Vinde e vede<\/i>\u00bb \u00e9 a nova palavra de Jesus como resposta \u00e0 pergunta: \u00ab<i>Onde moras<\/i>?\u00bb. <\/p>\n<p>Para conhecer o \u00edntimo de Jesus \u00e9 necess\u00e1rio morar, permanecer com Ele. Onde Jesus vive devem viver tamb\u00e9m os seus disc\u00edpulos intimamente unidos a Ele (cf. Jo 14,2). Este contacto pessoal com Jesus \u00e9 de grande import\u00e2ncia na vida dos dois disc\u00edpulos, que s\u00f3 assim s\u00e3o capazes de intuir que Jesus \u00e9 o Messias e assim o anunciarem. <\/p>\n<p>A hora d\u00e9cima n\u00e3o parece ser apenas uma recorda\u00e7\u00e3o forte do impacto que aquele primeiro encontro teve nos dois disc\u00edpulos, particularmente em Jo\u00e3o evangelista. A hora d\u00e9cima \u00e9 a hora da plenitude, do aperfei\u00e7oamento. Jesus \u00e9 a plenitude. Quem procura, encontrar\u00e1 nele a resposta plena \u00e0 sua procura; encontrar\u00e1 Jesus como a plenitude da revela\u00e7\u00e3o, como o \u00fanico revelador. Eles permaneceram com ele aquele dia, isto \u00e9, a partir daquele dia ficaram com Jesus. <\/p>\n<p>Andr\u00e9, a partir da experi\u00eancia pessoal com Jesus, tem necessidade de a comunicar a outros. Por isso, leva o seu irm\u00e3o Sim\u00e3o a Jesus. <\/p>\n<p>Agora \u00e9 Jesus quem fixa o olhar, penetra no \u00edntimo de Sim\u00e3o, para colher a sua identidade e dar-lhe o nome (Pedro) que define a sua miss\u00e3o. Jesus indica que este disc\u00edpulo ser\u00e1 a pedra, o fundamento s\u00f3lido da nova comunidade.<\/p><\/div>\n<div><\/div>\n<div><span>Fonte: <a href=\"http:\/\/www.diocese-aveiro.pt\/boanova.asp\">Boa Nova<\/a> &#8211; Diocese de Aveiro\u00a0 (adapta\u00e7\u00e3o)<\/span> <\/div>\n<p><\/p>\n","protected":false},"excerpt":{"rendered":"<p>Tema: &#8220;Vinde e Vede&#8220; 1\u00aa Leitura: 1 Sam 3, 3b-10.19 2\u00aa Leitura: 1 Cor 6,13c-15a.17-20 Evangelho: Jo 1,35-42 Mensagem: Na linha duma sucess\u00e3o de dias de apresenta\u00e7\u00e3o de [&hellip;]<\/p>\n","protected":false},"author":1,"featured_media":0,"comment_status":"open","ping_status":"closed","sticky":false,"template":"","format":"standard","meta":[],"categories":[5,8],"tags":[],"_links":{"self":[{"href":"http:\/\/diocese-aveiro.pt\/svicentebranca\/index.php?rest_route=\/wp\/v2\/posts\/2202"}],"collection":[{"href":"http:\/\/diocese-aveiro.pt\/svicentebranca\/index.php?rest_route=\/wp\/v2\/posts"}],"about":[{"href":"http:\/\/diocese-aveiro.pt\/svicentebranca\/index.php?rest_route=\/wp\/v2\/types\/post"}],"author":[{"embeddable":true,"href":"http:\/\/diocese-aveiro.pt\/svicentebranca\/index.php?rest_route=\/wp\/v2\/users\/1"}],"replies":[{"embeddable":true,"href":"http:\/\/diocese-aveiro.pt\/svicentebranca\/index.php?rest_route=%2Fwp%2Fv2%2Fcomments&post=2202"}],"version-history":[{"count":0,"href":"http:\/\/diocese-aveiro.pt\/svicentebranca\/index.php?rest_route=\/wp\/v2\/posts\/2202\/revisions"}],"wp:attachment":[{"href":"http:\/\/diocese-aveiro.pt\/svicentebranca\/index.php?rest_route=%2Fwp%2Fv2%2Fmedia&parent=2202"}],"wp:term":[{"taxonomy":"category","embeddable":true,"href":"http:\/\/diocese-aveiro.pt\/svicentebranca\/index.php?rest_route=%2Fwp%2Fv2%2Fcategories&post=2202"},{"taxonomy":"post_tag","embeddable":true,"href":"http:\/\/diocese-aveiro.pt\/svicentebranca\/index.php?rest_route=%2Fwp%2Fv2%2Ftags&post=2202"}],"curies":[{"name":"wp","href":"https:\/\/api.w.org\/{rel}","templated":true}]}}