{"id":2201,"date":"2012-01-17T09:08:00","date_gmt":"2012-01-17T09:08:00","guid":{"rendered":"http:\/\/diocese-aveiro.pt\/svicentebranca\/?p=2201"},"modified":"2012-01-17T09:08:00","modified_gmt":"2012-01-17T09:08:00","slug":"advento-convite-e-oferta-de-deus","status":"publish","type":"post","link":"http:\/\/diocese-aveiro.pt\/svicentebranca\/?p=2201","title":{"rendered":"Advento: convite e oferta de Deus"},"content":{"rendered":"<div>Quase e ao longo de todo este per\u00edodo de catequese, vimos seguindo temas do nosso livro. Passamos ao longo de cada li\u00e7\u00e3o, vamos na n\u00famero tr\u00eas, e temos uma longa base de dados, que nos obriga a meditar sobre cada tema e figuras, que nelas aparecem. <\/p>\n<p>Falamos e aprofundamos, al\u00e9m dos textos b\u00edblicos, tamb\u00e9m as imagens \u201cFiguras\u201d, que nos ajudam a dialogar, a viver e a crescer em Jesus Cristo, em Igreja, a celebrar a f\u00e9, e a comprometer-se no amor (Mt 4, 1-11). Atuamos e comprometemo-nos a viver, celebrar, amar e a acreditar (Lc 4, 18\u201319).<\/p>\n<p>Projeto: na hist\u00f3ria da salva\u00e7\u00e3o e projeto de vida caminhando pouco a pouco, sempre de acordo com a palavra de Deus (\u00caxodo 2, 15\u201322; 3, 9\u201311; 4, 18) celebramos e atuamos no Advento e Natal, o amor acima de tudo, s\u00f3 assim se percebe o mandamento de Jesus \u201camai os vossos inimigos \u201d (Mt 5, 44 ; Lc 6, 27\u201335 ). Falamos e aprofundamos as obras de miseric\u00f3rdia \u2013 Obras de amor \u2026 Amai\u2013vos uns aos outros como eu vos amei.<\/p>\n<p>Por fim, nestas quatro semanas e seguintes, aprofundamos sobre o Advento, tempo de convers\u00e3o e alegria, esperando assim a vinda do menino Jesus. Iniciamos ent\u00e3o o Advento, com o termine do ano lit\u00fargico, a festa de Jesus Cristo, Rei do Universo. Jesus por\u00e9m, alerta \u2013 nos de que o seu poder sobre o mundo vai muito al\u00e9m da nossa vis\u00e3o frequentemente t\u00e3o superficial e mesquinha.<\/p>\n<p>Iniciamos ent\u00e3o um novo ano Lit\u00fargico com o Advento; eis o tempo de prepara\u00e7\u00e3o para a celebra\u00e7\u00e3o do Natal: A grande festa de solidariedade e da comunh\u00e3o, como o caminho da alegria e da paz, o povo que vivia nas trevas deu uma grande luz ; Deus visitou o seu povo (Is 56: 1-2). <\/p>\n<p>Esta \u00e9 a verdadeira Boa Nova que n\u00f3s Crist\u00e3os recebemos de Deus e temos a obriga\u00e7\u00e3o de partilhar com todos, sempre e em todos os lugares. &#8220;Ide pelo mundo inteiro, proclamai o Evangelho a toda a criatura&#8221; (Mc 16, 15). O Advento \u00e9 antes demais um convite de Deus, uma oportunidade \u00fanica de convers\u00e3o. O Senhor Deus deseja entrar nas nossas vidas e dar\u2013nos novas raz\u00f5es para viver: \u201cEu estou \u00e0 tua porta e bato, se algu\u00e9m ouvir a minha voz e abrir a porta, eu entrarei e cearei com eles\u201d (Ap. 3, 20).<\/p>\n<p>O convite e a oferta n\u00e3o poderiam ser mais claros. Contudo o grande desafio est\u00e1 na resposta que devo, e s\u00f3 pode ser dada por cada um de n\u00f3s. Mas quais s\u00e3o os caminhos do Senhor? Onde e como nos podemos preparar? Jesus falou\u2013nos da beleza e do encontro com o Pai. Foi isto mesmo que logo no in\u00edcio da sua vida aqui na terra repetiu aos pais: (\u201cN\u00e3o sabeis que devo ocupar-me com as coisas do meu Pai?\u201d). <\/p>\n<p>Sim, Jesus fez da sua vida uma verdadeira experi\u00eancia de encontro com Deus. Nesse encontro, Jesus sentiu plenitude da comunh\u00e3o e o dinamismo para toda a miss\u00e3o: \u201cAssim como o Pai me tem amor, eu vos amo a v\u00f3s. Permanecei no meu amor\u201d (Jo 15, 9). Se vivermos tudo isto, estamos prontos a recebe-lo no Natal \u201cvinde Senhor Jesus\u201d. <\/p>\n<p>Votos de um Santo e Feliz Natal e um pr\u00f3spero Ano de 2012, com a melhor b\u00ean\u00e7\u00e3o do menino Deus, votos sinceros do grupo de catequese de Soutelo, do nono ano. Este trabalho, foi at\u00e9 agora, ao longo de todos os nossos encontros semanais preparado por todos, discutido e elaborado pelo respons\u00e1vel do grupo. <\/p>\n<p>O catequista, Jorge Rodrigues<\/p><\/div>\n<div><\/div>\n<div><span>9\u00ba Ano de Catequese de Soutelo<\/span> <\/div>\n","protected":false},"excerpt":{"rendered":"<p>Quase e ao longo de todo este per\u00edodo de catequese, vimos seguindo temas do nosso livro. Passamos ao longo de cada li\u00e7\u00e3o, vamos na n\u00famero tr\u00eas, e temos [&hellip;]<\/p>\n","protected":false},"author":1,"featured_media":0,"comment_status":"open","ping_status":"closed","sticky":false,"template":"","format":"standard","meta":[],"categories":[4,11],"tags":[],"_links":{"self":[{"href":"http:\/\/diocese-aveiro.pt\/svicentebranca\/index.php?rest_route=\/wp\/v2\/posts\/2201"}],"collection":[{"href":"http:\/\/diocese-aveiro.pt\/svicentebranca\/index.php?rest_route=\/wp\/v2\/posts"}],"about":[{"href":"http:\/\/diocese-aveiro.pt\/svicentebranca\/index.php?rest_route=\/wp\/v2\/types\/post"}],"author":[{"embeddable":true,"href":"http:\/\/diocese-aveiro.pt\/svicentebranca\/index.php?rest_route=\/wp\/v2\/users\/1"}],"replies":[{"embeddable":true,"href":"http:\/\/diocese-aveiro.pt\/svicentebranca\/index.php?rest_route=%2Fwp%2Fv2%2Fcomments&post=2201"}],"version-history":[{"count":0,"href":"http:\/\/diocese-aveiro.pt\/svicentebranca\/index.php?rest_route=\/wp\/v2\/posts\/2201\/revisions"}],"wp:attachment":[{"href":"http:\/\/diocese-aveiro.pt\/svicentebranca\/index.php?rest_route=%2Fwp%2Fv2%2Fmedia&parent=2201"}],"wp:term":[{"taxonomy":"category","embeddable":true,"href":"http:\/\/diocese-aveiro.pt\/svicentebranca\/index.php?rest_route=%2Fwp%2Fv2%2Fcategories&post=2201"},{"taxonomy":"post_tag","embeddable":true,"href":"http:\/\/diocese-aveiro.pt\/svicentebranca\/index.php?rest_route=%2Fwp%2Fv2%2Ftags&post=2201"}],"curies":[{"name":"wp","href":"https:\/\/api.w.org\/{rel}","templated":true}]}}