{"id":91,"date":"2022-06-02T09:29:29","date_gmt":"2022-06-02T09:29:29","guid":{"rendered":"https:\/\/diocese-aveiro.pt\/familia\/?p=91"},"modified":"2022-06-02T10:05:58","modified_gmt":"2022-06-02T10:05:58","slug":"festa-da-familia","status":"publish","type":"post","link":"http:\/\/diocese-aveiro.pt\/familia\/festa-da-familia\/","title":{"rendered":"Festa da Fam\u00edlia"},"content":{"rendered":"<div class=\"wp-block-image\">\n<figure class=\"aligncenter size-large\"><img loading=\"lazy\" width=\"725\" height=\"1024\" src=\"https:\/\/diocese-aveiro.pt\/familia\/wp-content\/uploads\/2022\/06\/cartaz-_03-725x1024.jpg\" alt=\"\" class=\"wp-image-92\" srcset=\"http:\/\/diocese-aveiro.pt\/familia\/wp-content\/uploads\/2022\/06\/cartaz-_03-725x1024.jpg 725w, http:\/\/diocese-aveiro.pt\/familia\/wp-content\/uploads\/2022\/06\/cartaz-_03-212x300.jpg 212w, http:\/\/diocese-aveiro.pt\/familia\/wp-content\/uploads\/2022\/06\/cartaz-_03-768x1085.jpg 768w, http:\/\/diocese-aveiro.pt\/familia\/wp-content\/uploads\/2022\/06\/cartaz-_03-1087x1536.jpg 1087w, http:\/\/diocese-aveiro.pt\/familia\/wp-content\/uploads\/2022\/06\/cartaz-_03-1449x2048.jpg 1449w, http:\/\/diocese-aveiro.pt\/familia\/wp-content\/uploads\/2022\/06\/cartaz-_03-scaled.jpg 1811w\" sizes=\"(max-width: 725px) 100vw, 725px\" \/><\/figure><\/div>\n\n\n<p class=\"has-text-align-center\"><strong>Assembleia diocesana de fam\u00edlias<\/strong><\/p>\n\n\n\n<p>Tem lugar no pr\u00f3ximo dia 26 de junho, no Santu\u00e1rio de Nossa Senhora de Vagos, a Assembleia diocesana de fam\u00edlia em sintonia com o X Encontro Mundial de Fam\u00edlias a acontecer em Roma.<\/p>\n\n\n\n<p>Num dia cheio de atividades, h\u00e1 dois destaques: pelas 11h00 a transmiss\u00e3o do Angelus em direto de Roma e pelas 16h00 a celebra\u00e7\u00e3o da eucaristia, presidida por D. Ant\u00f3nio Moiteiro, com Jubileus Matrimoniais pelos 25, 50, 60 e 75 anos.<\/p>\n\n\n\n<p class=\"has-text-align-center\"><strong>Jubileus Matrimoniais<\/strong><\/p>\n\n\n\n<p class=\"has-text-align-center\"><strong>Inscri\u00e7\u00f5es at\u00e9 10 junho 2022<\/strong><\/p>\n\n\n\n<p>Os casais que celebraram (ou ir\u00e3o celebrar) os seus Jubileus Matrimoniais de 25, 50, 60 e 75 anos de casados no per\u00edodo de 1 janeiro 2020 at\u00e9 31 dezembro 2022, dever\u00e3o inscrever-se no link abaixo para reservarem os seus lugares e receberem o diploma com a b\u00ean\u00e7\u00e3o jubilar (e uma pequena recorda\u00e7\u00e3o) . Link inscri\u00e7\u00e3o: <a rel=\"noreferrer noopener\" href=\"https:\/\/forms.gle\/cn9UzVHDCqVE8aQx7\" target=\"_blank\">https:\/\/forms.gle\/cn9UzVHDCqVE8aQx7<\/a><\/p>\n\n\n\n<hr class=\"wp-block-separator has-alpha-channel-opacity\"\/>\n\n\n\n<p><\/p>\n","protected":false},"excerpt":{"rendered":"<p>Assembleia diocesana de fam\u00edlias Tem lugar no pr\u00f3ximo dia 26 de junho, no Santu\u00e1rio de Nossa Senhora de Vagos, a Assembleia diocesana de fam\u00edlia em sintonia com o X Encontro Mundial de Fam\u00edlias a acontecer em Roma. Num dia cheio de atividades, h\u00e1 dois destaques: pelas 11h00 a transmiss\u00e3o do Angelus em direto de Roma [&hellip;]<\/p>\n","protected":false},"author":1,"featured_media":92,"comment_status":"closed","ping_status":"open","sticky":false,"template":"","format":"standard","meta":[],"categories":[4,6],"tags":[],"_links":{"self":[{"href":"http:\/\/diocese-aveiro.pt\/familia\/wp-json\/wp\/v2\/posts\/91"}],"collection":[{"href":"http:\/\/diocese-aveiro.pt\/familia\/wp-json\/wp\/v2\/posts"}],"about":[{"href":"http:\/\/diocese-aveiro.pt\/familia\/wp-json\/wp\/v2\/types\/post"}],"author":[{"embeddable":true,"href":"http:\/\/diocese-aveiro.pt\/familia\/wp-json\/wp\/v2\/users\/1"}],"replies":[{"embeddable":true,"href":"http:\/\/diocese-aveiro.pt\/familia\/wp-json\/wp\/v2\/comments?post=91"}],"version-history":[{"count":3,"href":"http:\/\/diocese-aveiro.pt\/familia\/wp-json\/wp\/v2\/posts\/91\/revisions"}],"predecessor-version":[{"id":147,"href":"http:\/\/diocese-aveiro.pt\/familia\/wp-json\/wp\/v2\/posts\/91\/revisions\/147"}],"wp:featuredmedia":[{"embeddable":true,"href":"http:\/\/diocese-aveiro.pt\/familia\/wp-json\/wp\/v2\/media\/92"}],"wp:attachment":[{"href":"http:\/\/diocese-aveiro.pt\/familia\/wp-json\/wp\/v2\/media?parent=91"}],"wp:term":[{"taxonomy":"category","embeddable":true,"href":"http:\/\/diocese-aveiro.pt\/familia\/wp-json\/wp\/v2\/categories?post=91"},{"taxonomy":"post_tag","embeddable":true,"href":"http:\/\/diocese-aveiro.pt\/familia\/wp-json\/wp\/v2\/tags?post=91"}],"curies":[{"name":"wp","href":"https:\/\/api.w.org\/{rel}","templated":true}]}}