{"id":89,"date":"2021-02-03T08:55:00","date_gmt":"2021-02-03T08:55:00","guid":{"rendered":"http:\/\/diocese-aveiro.pt\/familia\/?p=89"},"modified":"2022-06-02T09:35:51","modified_gmt":"2022-06-02T09:35:51","slug":"pastoral-familiar-tem-pagina-oficial-de-facebook","status":"publish","type":"post","link":"http:\/\/diocese-aveiro.pt\/familia\/pastoral-familiar-tem-pagina-oficial-de-facebook\/","title":{"rendered":"Pastoral familiar tem p\u00e1gina oficial de facebook"},"content":{"rendered":"\n<figure class=\"wp-block-image size-large\"><img loading=\"lazy\" width=\"1024\" height=\"528\" src=\"https:\/\/diocese-aveiro.pt\/familia\/wp-content\/uploads\/2022\/06\/familia_fb-1024x528.jpg\" alt=\"\" class=\"wp-image-96\" srcset=\"http:\/\/diocese-aveiro.pt\/familia\/wp-content\/uploads\/2022\/06\/familia_fb-1024x528.jpg 1024w, http:\/\/diocese-aveiro.pt\/familia\/wp-content\/uploads\/2022\/06\/familia_fb-300x155.jpg 300w, http:\/\/diocese-aveiro.pt\/familia\/wp-content\/uploads\/2022\/06\/familia_fb-768x396.jpg 768w, http:\/\/diocese-aveiro.pt\/familia\/wp-content\/uploads\/2022\/06\/familia_fb.jpg 1293w\" sizes=\"(max-width: 1024px) 100vw, 1024px\" \/><\/figure>\n\n\n\n<p><\/p>\n\n\n\n<p>Como nota de abertura da p\u00e1gina oficial da Equipa diocesana de Pastoral Familiar \u2013&nbsp;<a rel=\"noreferrer noopener\" href=\"https:\/\/www.facebook.com\/Equipa-Diocesana-da-Pastoral-Familiar-Aveiro-103591698408940\" target=\"_blank\">link<\/a>&nbsp;\u2013 partilhamos um v\u00eddeo do nosso bispo, D. Ant\u00f3nio Moiteiro: Fam\u00edlia, Igreja Dom\u00e9stica.<\/p>\n\n\n\n<figure class=\"wp-block-embed is-type-rich is-provider-incorporar-manipulador wp-block-embed-incorporar-manipulador wp-embed-aspect-16-9 wp-has-aspect-ratio\"><div class=\"wp-block-embed__wrapper\">\n<iframe loading=\"lazy\" title=\"Fam\u00edlia, Igreja Domestica\" width=\"1140\" height=\"641\" src=\"https:\/\/www.youtube.com\/embed\/IcbsgM7qANQ?feature=oembed\" frameborder=\"0\" allow=\"accelerometer; autoplay; clipboard-write; encrypted-media; gyroscope; picture-in-picture\" allowfullscreen><\/iframe>\n<\/div><\/figure>\n","protected":false},"excerpt":{"rendered":"<p>Como nota de abertura da p\u00e1gina oficial da Equipa diocesana de Pastoral Familiar \u2013&nbsp;link&nbsp;\u2013 partilhamos um v\u00eddeo do nosso bispo, D. Ant\u00f3nio Moiteiro: Fam\u00edlia, Igreja Dom\u00e9stica.<\/p>\n","protected":false},"author":1,"featured_media":96,"comment_status":"open","ping_status":"open","sticky":false,"template":"","format":"standard","meta":[],"categories":[6,5],"tags":[],"_links":{"self":[{"href":"http:\/\/diocese-aveiro.pt\/familia\/wp-json\/wp\/v2\/posts\/89"}],"collection":[{"href":"http:\/\/diocese-aveiro.pt\/familia\/wp-json\/wp\/v2\/posts"}],"about":[{"href":"http:\/\/diocese-aveiro.pt\/familia\/wp-json\/wp\/v2\/types\/post"}],"author":[{"embeddable":true,"href":"http:\/\/diocese-aveiro.pt\/familia\/wp-json\/wp\/v2\/users\/1"}],"replies":[{"embeddable":true,"href":"http:\/\/diocese-aveiro.pt\/familia\/wp-json\/wp\/v2\/comments?post=89"}],"version-history":[{"count":3,"href":"http:\/\/diocese-aveiro.pt\/familia\/wp-json\/wp\/v2\/posts\/89\/revisions"}],"predecessor-version":[{"id":128,"href":"http:\/\/diocese-aveiro.pt\/familia\/wp-json\/wp\/v2\/posts\/89\/revisions\/128"}],"wp:featuredmedia":[{"embeddable":true,"href":"http:\/\/diocese-aveiro.pt\/familia\/wp-json\/wp\/v2\/media\/96"}],"wp:attachment":[{"href":"http:\/\/diocese-aveiro.pt\/familia\/wp-json\/wp\/v2\/media?parent=89"}],"wp:term":[{"taxonomy":"category","embeddable":true,"href":"http:\/\/diocese-aveiro.pt\/familia\/wp-json\/wp\/v2\/categories?post=89"},{"taxonomy":"post_tag","embeddable":true,"href":"http:\/\/diocese-aveiro.pt\/familia\/wp-json\/wp\/v2\/tags?post=89"}],"curies":[{"name":"wp","href":"https:\/\/api.w.org\/{rel}","templated":true}]}}