{"id":150,"date":"2020-07-25T11:20:00","date_gmt":"2020-07-25T11:20:00","guid":{"rendered":"https:\/\/diocese-aveiro.pt\/familia\/?p=150"},"modified":"2022-06-02T11:25:57","modified_gmt":"2022-06-02T11:25:57","slug":"equipa-diocesana-de-pastoral-familiar-nomeacao","status":"publish","type":"post","link":"http:\/\/diocese-aveiro.pt\/familia\/equipa-diocesana-de-pastoral-familiar-nomeacao\/","title":{"rendered":"Equipa Diocesana de Pastoral Familiar &#8211; Nomea\u00e7\u00e3o"},"content":{"rendered":"\n<figure class=\"wp-block-image size-full\"><img loading=\"lazy\" width=\"960\" height=\"340\" src=\"https:\/\/diocese-aveiro.pt\/familia\/wp-content\/uploads\/2022\/06\/banner_brasao.jpg\" alt=\"\" class=\"wp-image-151\" srcset=\"http:\/\/diocese-aveiro.pt\/familia\/wp-content\/uploads\/2022\/06\/banner_brasao.jpg 960w, http:\/\/diocese-aveiro.pt\/familia\/wp-content\/uploads\/2022\/06\/banner_brasao-300x106.jpg 300w, http:\/\/diocese-aveiro.pt\/familia\/wp-content\/uploads\/2022\/06\/banner_brasao-768x272.jpg 768w\" sizes=\"(max-width: 960px) 100vw, 960px\" \/><\/figure>\n\n\n\n<p class=\"has-text-align-center\"><strong>NOMEA\u00c7\u00d5ES PARA 2020-2021<\/strong><\/p>\n\n\n\n<p>Uma Igreja sinodal \u00e9 uma Igreja da escuta, ciente de que escutar \u00ab\u00e9 mais do que ouvir\u00bb (EG 171). \u00c9 uma escuta rec\u00edproca, onde cada um tem algo a aprender. Povo fiel, Col\u00e9gio Episcopal, Bispo de Roma: cada um \u00e0 escuta dos outros; e todos \u00e0 escuta do Esp\u00edrito Santo, o \u00abEsp\u00edrito da verdade\u00bb (<em>Jo<\/em> 14, 17), para conhecer aquilo que Ele \u00abdiz \u00e0s Igrejas\u00bb (Papa Francisco, <em>17-10-2015)<\/em>.<\/p>\n\n\n\n<p>Estas palavras proferidas pelo Papa Francisco na comemora\u00e7\u00e3o do cinquenten\u00e1rio da institui\u00e7\u00e3o do S\u00ednodo dos Bispos ajudam-nos a compreender a Igreja como mist\u00e9rio de comunh\u00e3o, onde cada um dos seus membros tem uma miss\u00e3o a desempenhar. As nomea\u00e7\u00f5es para os diferentes servi\u00e7os e miss\u00f5es, feitas para o in\u00edcio de um novo ano pastoral, pretendem ser um olhar para o conjunto da Diocese e a resposta a dificuldades que v\u00e3o surgindo no caminhar da nossa Igreja diocesana.<\/p>\n\n\n\n<p>No documento \u201c<em>A convers\u00e3o pastoral<\/em> <em>da comunidade paroquial ao servi\u00e7o da miss\u00e3o evangelizadora da Igreja\u201d <\/em>afirma-se que na \u201cnova etapa da evangeliza\u00e7\u00e3o\u201d, (EG 287) em que a Igreja se encontra, ela \u00e9 chamada a promover comunidades crist\u00e3s que se tornem cada vez mais centros propulsores do encontro com Cristo. \u00c9 necess\u00e1rio que se constituam, para as par\u00f3quias do mesmo p\u00e1roco, servi\u00e7os pastorais comuns para determinados \u00e2mbitos (por exemplo, catequese, caridade, pastoral da juventude ou familiar). Esta nova mentalidade tem de estar presente nas par\u00f3quias, quando o seu p\u00e1roco acumula v\u00e1rias par\u00f3quias. N\u00e3o \u00e9 poss\u00edvel pensar a pastoral de hoje com crit\u00e9rios de h\u00e1 dez ou vinte anos atr\u00e1s.<\/p>\n\n\n\n<p>Este ano, devido \u00e0s dificuldades surgidas pela pandemia e pelas consequ\u00eancias que ainda continuam presentes, vamos continuar a viver o tema da voca\u00e7\u00e3o no matrim\u00f3nio e, para isso, prestamos uma aten\u00e7\u00e3o redobrada \u00e0 pastoral familiar. As nomea\u00e7\u00f5es agora realizadas e o completar das equipas no in\u00edcio do novo ano pastoral ir\u00e3o ajudar-nos a olhar para a fam\u00edlia como \u00abIgreja dom\u00e9stica\u00bb e a aprofundar a sua voca\u00e7\u00e3o ao amor.<\/p>\n\n\n\n<p>A aposta num programa para e com as fam\u00edlias pretende traduzir o desafio pastoral \u201cestimular uma pastoral de aten\u00e7\u00e3o integral \u00e0 fam\u00edlia\u201d para que esta esteja no centro das nossas preocupa\u00e7\u00f5es pastorais, quer diocesanas quer paroquiais. \u00c9 urgente proclamar o Evangelho da fam\u00edlia como \u201cresposta \u00e0s expectativas mais profundas da pessoa humana: a sua dignidade e plena realiza\u00e7\u00e3o na reciprocidade, na comunh\u00e3o e na fecundidade. N\u00e3o se trata apenas de apresentar uma normativa, mas de propor valores, correspondendo \u00e0 necessidade deles que se constata hoje, mesmo nos pa\u00edses mais secularizados\u201d. (AL 201)<\/p>\n\n\n\n<p><em>Tendo presente o bem da Diocese e de todas as comunidades, e depois de ter ouvido algumas inst\u00e2ncias diocesanas, em di\u00e1logo com todos os nomeados, hei por bem proceder \u00e0s seguintes nomea\u00e7\u00f5es:<\/em><\/p>\n\n\n\n<p><strong>1. Par\u00f3quias<\/strong><\/p>\n\n\n\n<p>&#8230;<\/p>\n\n\n\n<p><strong>2. Outros Servi\u00e7os<\/strong><\/p>\n\n\n\n<p>&#8230;<\/p>\n\n\n\n<p><strong>3. Pastoral familiar<\/strong><br><strong>Equipa Diocesana de Prepara\u00e7\u00e3o para o Matrim\u00f3nio<\/strong><br>P. Ant\u00f3nio Manuel Torr\u00e3o da Cruz \u2013 Assistente Espiritual.<br>(A equipa ser\u00e1 nomeada no in\u00edcio do ano pastoral).<\/p>\n\n\n\n<p><strong>Equipa Diocesana de Pastoral Familiar<\/strong><br>Maria Goreti Oliveira Carvalho Gon\u00e7alves<br>Paulo Jorge Costa Gon\u00e7alves<br>Maria Helena Lob\u00e3o<br>Ant\u00f3nio Alberto Afonso Teixeira<br>Marta Isabel Costa Santos Sousa&nbsp;<br>Lu\u00eds Miguel Pessoa da Cruz&nbsp;<br>S\u00edlvia De Francesco<br>Carlos Miguel Loff Barreto<br>Ricardo Farias de Sousa Filho<br>Marcela Raposo de Sousa<br>P. Ab\u00edlio Manuel Ferreira Ara\u00fajo, Assistente Espiritual.<\/p>\n\n\n\n<p>&nbsp;<em>N.B. As tomadas de posse ser\u00e3o coordenadas com os respetivos arciprestes e dever\u00e3o ocorrer at\u00e9 ao fim de setembro.<\/em><\/p>\n\n\n\n<p class=\"has-text-align-center\">Aveiro, 25 de julho de 2020.<\/p>\n\n\n\n<p class=\"has-text-align-center\">+ Ant\u00f3nio Manuel Moiteiro Ramos, Bispo de Aveiro.<\/p>\n\n\n\n<hr class=\"wp-block-separator has-alpha-channel-opacity\"\/>\n","protected":false},"excerpt":{"rendered":"<p>NOMEA\u00c7\u00d5ES PARA 2020-2021 Uma Igreja sinodal \u00e9 uma Igreja da escuta, ciente de que escutar \u00ab\u00e9 mais do que ouvir\u00bb (EG 171). \u00c9 uma escuta rec\u00edproca, onde cada um tem algo a aprender. Povo fiel, Col\u00e9gio Episcopal, Bispo de Roma: cada um \u00e0 escuta dos outros; e todos \u00e0 escuta do Esp\u00edrito Santo, o \u00abEsp\u00edrito [&hellip;]<\/p>\n","protected":false},"author":1,"featured_media":151,"comment_status":"open","ping_status":"open","sticky":false,"template":"","format":"standard","meta":[],"categories":[6],"tags":[],"_links":{"self":[{"href":"http:\/\/diocese-aveiro.pt\/familia\/wp-json\/wp\/v2\/posts\/150"}],"collection":[{"href":"http:\/\/diocese-aveiro.pt\/familia\/wp-json\/wp\/v2\/posts"}],"about":[{"href":"http:\/\/diocese-aveiro.pt\/familia\/wp-json\/wp\/v2\/types\/post"}],"author":[{"embeddable":true,"href":"http:\/\/diocese-aveiro.pt\/familia\/wp-json\/wp\/v2\/users\/1"}],"replies":[{"embeddable":true,"href":"http:\/\/diocese-aveiro.pt\/familia\/wp-json\/wp\/v2\/comments?post=150"}],"version-history":[{"count":1,"href":"http:\/\/diocese-aveiro.pt\/familia\/wp-json\/wp\/v2\/posts\/150\/revisions"}],"predecessor-version":[{"id":152,"href":"http:\/\/diocese-aveiro.pt\/familia\/wp-json\/wp\/v2\/posts\/150\/revisions\/152"}],"wp:featuredmedia":[{"embeddable":true,"href":"http:\/\/diocese-aveiro.pt\/familia\/wp-json\/wp\/v2\/media\/151"}],"wp:attachment":[{"href":"http:\/\/diocese-aveiro.pt\/familia\/wp-json\/wp\/v2\/media?parent=150"}],"wp:term":[{"taxonomy":"category","embeddable":true,"href":"http:\/\/diocese-aveiro.pt\/familia\/wp-json\/wp\/v2\/categories?post=150"},{"taxonomy":"post_tag","embeddable":true,"href":"http:\/\/diocese-aveiro.pt\/familia\/wp-json\/wp\/v2\/tags?post=150"}],"curies":[{"name":"wp","href":"https:\/\/api.w.org\/{rel}","templated":true}]}}