{"id":144,"date":"2021-02-06T10:04:00","date_gmt":"2021-02-06T10:04:00","guid":{"rendered":"https:\/\/diocese-aveiro.pt\/familia\/?p=144"},"modified":"2022-06-02T10:05:01","modified_gmt":"2022-06-02T10:05:01","slug":"porque-dedicamos-o-sabado-a-nossa-senhora","status":"publish","type":"post","link":"http:\/\/diocese-aveiro.pt\/familia\/porque-dedicamos-o-sabado-a-nossa-senhora\/","title":{"rendered":"Porque dedicamos o s\u00e1bado a Nossa Senhora"},"content":{"rendered":"\n<figure class=\"wp-block-image size-large\"><img loading=\"lazy\" width=\"1024\" height=\"682\" src=\"https:\/\/diocese-aveiro.pt\/familia\/wp-content\/uploads\/2022\/06\/2021.02.06-1024x682.jpg\" alt=\"\" class=\"wp-image-145\" srcset=\"http:\/\/diocese-aveiro.pt\/familia\/wp-content\/uploads\/2022\/06\/2021.02.06-1024x682.jpg 1024w, http:\/\/diocese-aveiro.pt\/familia\/wp-content\/uploads\/2022\/06\/2021.02.06-300x200.jpg 300w, http:\/\/diocese-aveiro.pt\/familia\/wp-content\/uploads\/2022\/06\/2021.02.06-768x512.jpg 768w, http:\/\/diocese-aveiro.pt\/familia\/wp-content\/uploads\/2022\/06\/2021.02.06-1536x1023.jpg 1536w, http:\/\/diocese-aveiro.pt\/familia\/wp-content\/uploads\/2022\/06\/2021.02.06.jpg 2048w\" sizes=\"(max-width: 1024px) 100vw, 1024px\" \/><\/figure>\n\n\n\n<p>Segundo a tradi\u00e7\u00e3o, a Igreja dedicou o S\u00e1bado a Nossa Senhora pelo fato de ter sido no primeiro S\u00e1bado Santo que Ela viveu sem ter Jesus vivo. Esse dia foi considerado o S\u00e1bado da solid\u00e3o, do deserto, da morte e do luto. Foi o dia em que Maria Sant\u00edssima chorou e sofreu pela aus\u00eancia de seu Filho. Podemos pensar que foi no s\u00e1bado que precedeu a Ressurrei\u00e7\u00e3o de Jesus que a Virgem Maria viveu o mist\u00e9rio da dor, profetizado por Sime\u00e3o em Lc 2,35: \u201cE uma espada transpassar\u00e1 a tua alma.\u201d Entretanto, Ela manteve-se firme na f\u00e9, com esperan\u00e7a inabal\u00e1vel em seu Doloroso e Imaculado Cora\u00e7\u00e3o, aguardando a Ressurrei\u00e7\u00e3o d\u2019Ele.<br><br><br>Para viver esta experi\u00eancia de f\u00e9 da Virgem Maria, a Igreja, desde cedo passou a consagrar o s\u00e1bado \u00e0 sua devo\u00e7\u00e3o. Com o passar do tempo, foram surgindo muitos atos de piedade em honra da Virgem Sant\u00edssima, tais como: as \u201cMil Ave-Marias\u201d, o ter\u00e7o em fam\u00edlia e o Of\u00edcio da Imaculada Concei\u00e7\u00e3o etc.<br><br><br>Nas apari\u00e7\u00f5es de 13 de junho e 13 de julho de 1917, Nossa Senhora de F\u00e1tima, chamou a aten\u00e7\u00e3o de L\u00facia para o costume de dedicar os s\u00e1bados em Sua honra e rezar o ter\u00e7o em repara\u00e7\u00e3o:<br><br><br>\u201cJesus quer estabelecer no mundo a devo\u00e7\u00e3o do meu Imaculado Cora\u00e7\u00e3o\u201d. Depois os tr\u00eas pastorinhos viram Nossa Senhora tendo em sua m\u00e3o direita um cora\u00e7\u00e3o cercado de espinhos. Compreenderam que era o Cora\u00e7\u00e3o Imaculado de Maria, ultrajado pelos pecados da humanidade, que pedia repara\u00e7\u00e3o:<br>\u201cSe fizerem o que vou vos dizer, muitas almas ser\u00e3o salvas e haver\u00e1 paz. [\u2026] Voltarei para pedir a consagra\u00e7\u00e3o da R\u00fassia ao meu Cora\u00e7\u00e3o Imaculado e a devo\u00e7\u00e3o reparadora dos primeiros s\u00e1bados (do m\u00eas).\u201d<br>Honrar Nossa Senhora especialmente nos s\u00e1bados vem nos recordar que a M\u00e3e de Deus quer nos apontara dire\u00e7\u00e3o de seu Filho que \u00e9 o Senhor dos nossos dias e todos os outros dias da semana.<\/p>\n\n\n\n<p><\/p>\n\n\n\n<hr class=\"wp-block-separator has-alpha-channel-opacity\"\/>\n","protected":false},"excerpt":{"rendered":"<p>Segundo a tradi\u00e7\u00e3o, a Igreja dedicou o S\u00e1bado a Nossa Senhora pelo fato de ter sido no primeiro S\u00e1bado Santo que Ela viveu sem ter Jesus vivo. Esse dia foi considerado o S\u00e1bado da solid\u00e3o, do deserto, da morte e do luto. Foi o dia em que Maria Sant\u00edssima chorou e sofreu pela aus\u00eancia de [&hellip;]<\/p>\n","protected":false},"author":1,"featured_media":145,"comment_status":"open","ping_status":"open","sticky":false,"template":"","format":"standard","meta":[],"categories":[7,6],"tags":[],"_links":{"self":[{"href":"http:\/\/diocese-aveiro.pt\/familia\/wp-json\/wp\/v2\/posts\/144"}],"collection":[{"href":"http:\/\/diocese-aveiro.pt\/familia\/wp-json\/wp\/v2\/posts"}],"about":[{"href":"http:\/\/diocese-aveiro.pt\/familia\/wp-json\/wp\/v2\/types\/post"}],"author":[{"embeddable":true,"href":"http:\/\/diocese-aveiro.pt\/familia\/wp-json\/wp\/v2\/users\/1"}],"replies":[{"embeddable":true,"href":"http:\/\/diocese-aveiro.pt\/familia\/wp-json\/wp\/v2\/comments?post=144"}],"version-history":[{"count":1,"href":"http:\/\/diocese-aveiro.pt\/familia\/wp-json\/wp\/v2\/posts\/144\/revisions"}],"predecessor-version":[{"id":146,"href":"http:\/\/diocese-aveiro.pt\/familia\/wp-json\/wp\/v2\/posts\/144\/revisions\/146"}],"wp:featuredmedia":[{"embeddable":true,"href":"http:\/\/diocese-aveiro.pt\/familia\/wp-json\/wp\/v2\/media\/145"}],"wp:attachment":[{"href":"http:\/\/diocese-aveiro.pt\/familia\/wp-json\/wp\/v2\/media?parent=144"}],"wp:term":[{"taxonomy":"category","embeddable":true,"href":"http:\/\/diocese-aveiro.pt\/familia\/wp-json\/wp\/v2\/categories?post=144"},{"taxonomy":"post_tag","embeddable":true,"href":"http:\/\/diocese-aveiro.pt\/familia\/wp-json\/wp\/v2\/tags?post=144"}],"curies":[{"name":"wp","href":"https:\/\/api.w.org\/{rel}","templated":true}]}}