{"id":135,"date":"2021-11-26T09:40:00","date_gmt":"2021-11-26T09:40:00","guid":{"rendered":"https:\/\/diocese-aveiro.pt\/familia\/?p=135"},"modified":"2022-06-02T09:42:38","modified_gmt":"2022-06-02T09:42:38","slug":"encontro-de-movimentos-de-ambito-familiar","status":"publish","type":"post","link":"http:\/\/diocese-aveiro.pt\/familia\/encontro-de-movimentos-de-ambito-familiar\/","title":{"rendered":"Encontro de movimentos de \u00e2mbito familiar"},"content":{"rendered":"\n<figure class=\"wp-block-image size-large\"><img loading=\"lazy\" width=\"1024\" height=\"557\" src=\"https:\/\/diocese-aveiro.pt\/familia\/wp-content\/uploads\/2022\/06\/20211126_-1024x557.jpg\" alt=\"\" class=\"wp-image-137\" srcset=\"http:\/\/diocese-aveiro.pt\/familia\/wp-content\/uploads\/2022\/06\/20211126_-1024x557.jpg 1024w, http:\/\/diocese-aveiro.pt\/familia\/wp-content\/uploads\/2022\/06\/20211126_-300x163.jpg 300w, http:\/\/diocese-aveiro.pt\/familia\/wp-content\/uploads\/2022\/06\/20211126_-768x418.jpg 768w, http:\/\/diocese-aveiro.pt\/familia\/wp-content\/uploads\/2022\/06\/20211126_.jpg 1376w\" sizes=\"(max-width: 1024px) 100vw, 1024px\" \/><\/figure>\n\n\n\n<p>Decorreu na passada sexta-feira, dia 22, um encontro de movimentos de \u00e2mbito familiar, dinamizado pela Equipa Diocesana da Pastoral Familiar &#8211; Aveiro no semin\u00e1rio de Santa Joana.<\/p>\n\n\n\n<p>Presentes estiveram:<\/p>\n\n\n\n<p>&#8211; Centros de Prepara\u00e7\u00e3o para o Matrim\u00f3nio (CPM);<\/p>\n\n\n\n<p>&#8211; Movimento Apost\u00f3lico de Schoenstatt &#8211; Fam\u00edlias Santu\u00e1rio Diocesano Aveiro;<\/p>\n\n\n\n<p>&#8211; Movimento Esperan\u00e7a e Vida;<\/p>\n\n\n\n<p>&#8211; Movimento Familiar Casais de Santa Maria;<\/p>\n\n\n\n<p>&#8211; Equipas de Nossa Senhora;<\/p>\n\n\n\n<p>&#8211; Movimento por um Lar Crist\u00e3o;<\/p>\n\n\n\n<p>O encontro serviu para dinamizar a Pastoral Familiar a n\u00edvel diocesano.<\/p>\n\n\n\n<hr class=\"wp-block-separator has-alpha-channel-opacity\"\/>\n","protected":false},"excerpt":{"rendered":"<p>Decorreu na passada sexta-feira, dia 22, um encontro de movimentos de \u00e2mbito familiar, dinamizado pela Equipa Diocesana da Pastoral Familiar &#8211; Aveiro no semin\u00e1rio de Santa Joana. Presentes estiveram: &#8211; Centros de Prepara\u00e7\u00e3o para o Matrim\u00f3nio (CPM); &#8211; Movimento Apost\u00f3lico de Schoenstatt &#8211; Fam\u00edlias Santu\u00e1rio Diocesano Aveiro; &#8211; Movimento Esperan\u00e7a e Vida; &#8211; Movimento Familiar [&hellip;]<\/p>\n","protected":false},"author":1,"featured_media":137,"comment_status":"open","ping_status":"open","sticky":false,"template":"","format":"standard","meta":[],"categories":[6],"tags":[],"_links":{"self":[{"href":"http:\/\/diocese-aveiro.pt\/familia\/wp-json\/wp\/v2\/posts\/135"}],"collection":[{"href":"http:\/\/diocese-aveiro.pt\/familia\/wp-json\/wp\/v2\/posts"}],"about":[{"href":"http:\/\/diocese-aveiro.pt\/familia\/wp-json\/wp\/v2\/types\/post"}],"author":[{"embeddable":true,"href":"http:\/\/diocese-aveiro.pt\/familia\/wp-json\/wp\/v2\/users\/1"}],"replies":[{"embeddable":true,"href":"http:\/\/diocese-aveiro.pt\/familia\/wp-json\/wp\/v2\/comments?post=135"}],"version-history":[{"count":1,"href":"http:\/\/diocese-aveiro.pt\/familia\/wp-json\/wp\/v2\/posts\/135\/revisions"}],"predecessor-version":[{"id":138,"href":"http:\/\/diocese-aveiro.pt\/familia\/wp-json\/wp\/v2\/posts\/135\/revisions\/138"}],"wp:featuredmedia":[{"embeddable":true,"href":"http:\/\/diocese-aveiro.pt\/familia\/wp-json\/wp\/v2\/media\/137"}],"wp:attachment":[{"href":"http:\/\/diocese-aveiro.pt\/familia\/wp-json\/wp\/v2\/media?parent=135"}],"wp:term":[{"taxonomy":"category","embeddable":true,"href":"http:\/\/diocese-aveiro.pt\/familia\/wp-json\/wp\/v2\/categories?post=135"},{"taxonomy":"post_tag","embeddable":true,"href":"http:\/\/diocese-aveiro.pt\/familia\/wp-json\/wp\/v2\/tags?post=135"}],"curies":[{"name":"wp","href":"https:\/\/api.w.org\/{rel}","templated":true}]}}