{"id":131,"date":"2021-11-25T09:39:00","date_gmt":"2021-11-25T09:39:00","guid":{"rendered":"https:\/\/diocese-aveiro.pt\/familia\/?p=131"},"modified":"2022-06-02T09:40:19","modified_gmt":"2022-06-02T09:40:19","slug":"encerramento-do-ano-de-sao-jose","status":"publish","type":"post","link":"http:\/\/diocese-aveiro.pt\/familia\/encerramento-do-ano-de-sao-jose\/","title":{"rendered":"Encerramento do Ano de S\u00e3o Jos\u00e9"},"content":{"rendered":"\n<figure class=\"wp-block-image size-large\"><img loading=\"lazy\" width=\"709\" height=\"1024\" src=\"https:\/\/diocese-aveiro.pt\/familia\/wp-content\/uploads\/2022\/06\/encerramento-ano-s-jose-709x1024.jpg\" alt=\"\" class=\"wp-image-132\" srcset=\"http:\/\/diocese-aveiro.pt\/familia\/wp-content\/uploads\/2022\/06\/encerramento-ano-s-jose-709x1024.jpg 709w, http:\/\/diocese-aveiro.pt\/familia\/wp-content\/uploads\/2022\/06\/encerramento-ano-s-jose-208x300.jpg 208w, http:\/\/diocese-aveiro.pt\/familia\/wp-content\/uploads\/2022\/06\/encerramento-ano-s-jose.jpg 720w\" sizes=\"(max-width: 709px) 100vw, 709px\" \/><\/figure>\n\n\n\n<p>No \u00e2mbito do encerramento do ano de S\u00e3o Jos\u00e9, ir\u00e1 realizar-se, no dia 3 de dezembro, no Centro Paroquial de Albergaria-a-Velha um encontro com o tema \u201cSonho de S\u00e3o Jos\u00e9\u201d que contar\u00e1 com a presen\u00e7a do Padre Franclim Pacheco e do Professor Daniel Silva.<\/p>\n\n\n\n<p>No dia 8 de dezembro pelas 19h00, celebrar-se-\u00e1 na S\u00e9 Catedral de Aveiro a Eucaristia de encerramento presidida por D. Ant\u00f3nio Moiteiro.<\/p>\n\n\n\n<hr class=\"wp-block-separator has-alpha-channel-opacity\"\/>\n","protected":false},"excerpt":{"rendered":"<p>No \u00e2mbito do encerramento do ano de S\u00e3o Jos\u00e9, ir\u00e1 realizar-se, no dia 3 de dezembro, no Centro Paroquial de Albergaria-a-Velha um encontro com o tema \u201cSonho de S\u00e3o Jos\u00e9\u201d que contar\u00e1 com a presen\u00e7a do Padre Franclim Pacheco e do Professor Daniel Silva. No dia 8 de dezembro pelas 19h00, celebrar-se-\u00e1 na S\u00e9 Catedral [&hellip;]<\/p>\n","protected":false},"author":1,"featured_media":132,"comment_status":"open","ping_status":"open","sticky":false,"template":"","format":"standard","meta":[],"categories":[6],"tags":[],"_links":{"self":[{"href":"http:\/\/diocese-aveiro.pt\/familia\/wp-json\/wp\/v2\/posts\/131"}],"collection":[{"href":"http:\/\/diocese-aveiro.pt\/familia\/wp-json\/wp\/v2\/posts"}],"about":[{"href":"http:\/\/diocese-aveiro.pt\/familia\/wp-json\/wp\/v2\/types\/post"}],"author":[{"embeddable":true,"href":"http:\/\/diocese-aveiro.pt\/familia\/wp-json\/wp\/v2\/users\/1"}],"replies":[{"embeddable":true,"href":"http:\/\/diocese-aveiro.pt\/familia\/wp-json\/wp\/v2\/comments?post=131"}],"version-history":[{"count":2,"href":"http:\/\/diocese-aveiro.pt\/familia\/wp-json\/wp\/v2\/posts\/131\/revisions"}],"predecessor-version":[{"id":134,"href":"http:\/\/diocese-aveiro.pt\/familia\/wp-json\/wp\/v2\/posts\/131\/revisions\/134"}],"wp:featuredmedia":[{"embeddable":true,"href":"http:\/\/diocese-aveiro.pt\/familia\/wp-json\/wp\/v2\/media\/132"}],"wp:attachment":[{"href":"http:\/\/diocese-aveiro.pt\/familia\/wp-json\/wp\/v2\/media?parent=131"}],"wp:term":[{"taxonomy":"category","embeddable":true,"href":"http:\/\/diocese-aveiro.pt\/familia\/wp-json\/wp\/v2\/categories?post=131"},{"taxonomy":"post_tag","embeddable":true,"href":"http:\/\/diocese-aveiro.pt\/familia\/wp-json\/wp\/v2\/tags?post=131"}],"curies":[{"name":"wp","href":"https:\/\/api.w.org\/{rel}","templated":true}]}}