{"id":124,"date":"2022-01-21T09:31:00","date_gmt":"2022-01-21T09:31:00","guid":{"rendered":"https:\/\/diocese-aveiro.pt\/familia\/?p=124"},"modified":"2022-06-02T09:32:13","modified_gmt":"2022-06-02T09:32:13","slug":"reuniao-da-equipa-diocesana-com-equipas-arciprestais","status":"publish","type":"post","link":"http:\/\/diocese-aveiro.pt\/familia\/reuniao-da-equipa-diocesana-com-equipas-arciprestais\/","title":{"rendered":"Reuni\u00e3o da equipa diocesana com equipas arciprestais"},"content":{"rendered":"\n<figure class=\"wp-block-image size-large\"><img loading=\"lazy\" width=\"1024\" height=\"640\" src=\"https:\/\/diocese-aveiro.pt\/familia\/wp-content\/uploads\/2022\/06\/272271300_301195661981875_14073034893181443_n-1024x640.jpg\" alt=\"\" class=\"wp-image-125\" srcset=\"http:\/\/diocese-aveiro.pt\/familia\/wp-content\/uploads\/2022\/06\/272271300_301195661981875_14073034893181443_n-1024x640.jpg 1024w, http:\/\/diocese-aveiro.pt\/familia\/wp-content\/uploads\/2022\/06\/272271300_301195661981875_14073034893181443_n-300x188.jpg 300w, http:\/\/diocese-aveiro.pt\/familia\/wp-content\/uploads\/2022\/06\/272271300_301195661981875_14073034893181443_n-768x480.jpg 768w, http:\/\/diocese-aveiro.pt\/familia\/wp-content\/uploads\/2022\/06\/272271300_301195661981875_14073034893181443_n-1536x960.jpg 1536w, http:\/\/diocese-aveiro.pt\/familia\/wp-content\/uploads\/2022\/06\/272271300_301195661981875_14073034893181443_n.jpg 2048w\" sizes=\"(max-width: 1024px) 100vw, 1024px\" \/><\/figure>\n\n\n\n<p>Reuniram, no passado dia 21 de Janeiro de 2022, pela 21 horas, por videoconfer\u00eancia, a equipa diocesana de pastoral familiar (EDPF) e as equipas arciprestais de pastoral familiar. A reuni\u00e3o, convocada pela EDPF contou com a participa\u00e7\u00e3o do Sr. Bispo, D. Ant\u00f3nio Moiteiro.<\/p>\n\n\n\n<p><br>Apesar de ainda n\u00e3o terem sido constitu\u00eddas as equipas arciprestais de pastoral familiar em todos os arciprestados da Diocese de Aveiro, pretende-se com estas equipas de casais, juntamente com os movimentos carism\u00e1ticos vocacionados para a fam\u00edlia, estruturar uma \u201crede\u201d de agentes de pastoral familiar, para entreajuda e partilha na ac\u00e7\u00e3o pastoral.<\/p>\n\n\n\n<p><br>A reuni\u00e3o teve como objetivo principal, encontrar resposta para a quest\u00e3o: \u00abcomo ajudar as fam\u00edlias crist\u00e3s a serem sujeitos de evangeliza\u00e7\u00e3o\u00bb, sendo que, anteriormente, tinha sido enviado aos Srs. Arciprestes um inqu\u00e9rito para ausculta\u00e7\u00e3o da atual situa\u00e7\u00e3o de a\u00e7\u00e3o pastoral familiar em cada arciprestado.<\/p>\n\n\n\n<p><br>A reuni\u00e3o serviu, num primeiro momento, para conhecimento m\u00fatuo dos participantes. De seguida, foi feita uma breve exposi\u00e7\u00e3o do documento orientador da EDPF. Por \u00faltimo o Sr. Padre Ab\u00edlio Ara\u00fajo e o casal Goreti e Paulo Gon\u00e7alves, da EDPF, expuseram a metodologia de discernimento pastoral que se prop\u00f5e adotar para que cada arciprestado encontre o seu caminho para ajudar as fam\u00edlias crist\u00e3s a serem sujeitos de evangeliza\u00e7\u00e3o.<\/p>\n\n\n\n<p><br>At\u00e9 \u00e0 pr\u00f3xima reuni\u00e3o, j\u00e1 agendada, deseja-se que as equipas arciprestais estejam formadas em todos os arciprestados e que tenham iniciado o seu caminho de discernimento: reconhecer, interpretar e escolher.&nbsp;<\/p>\n\n\n\n<hr class=\"wp-block-separator has-alpha-channel-opacity\"\/>\n","protected":false},"excerpt":{"rendered":"<p>Reuniram, no passado dia 21 de Janeiro de 2022, pela 21 horas, por videoconfer\u00eancia, a equipa diocesana de pastoral familiar (EDPF) e as equipas arciprestais de pastoral familiar. A reuni\u00e3o, convocada pela EDPF contou com a participa\u00e7\u00e3o do Sr. Bispo, D. Ant\u00f3nio Moiteiro. Apesar de ainda n\u00e3o terem sido constitu\u00eddas as equipas arciprestais de pastoral [&hellip;]<\/p>\n","protected":false},"author":1,"featured_media":125,"comment_status":"open","ping_status":"open","sticky":false,"template":"","format":"standard","meta":[],"categories":[6],"tags":[],"_links":{"self":[{"href":"http:\/\/diocese-aveiro.pt\/familia\/wp-json\/wp\/v2\/posts\/124"}],"collection":[{"href":"http:\/\/diocese-aveiro.pt\/familia\/wp-json\/wp\/v2\/posts"}],"about":[{"href":"http:\/\/diocese-aveiro.pt\/familia\/wp-json\/wp\/v2\/types\/post"}],"author":[{"embeddable":true,"href":"http:\/\/diocese-aveiro.pt\/familia\/wp-json\/wp\/v2\/users\/1"}],"replies":[{"embeddable":true,"href":"http:\/\/diocese-aveiro.pt\/familia\/wp-json\/wp\/v2\/comments?post=124"}],"version-history":[{"count":2,"href":"http:\/\/diocese-aveiro.pt\/familia\/wp-json\/wp\/v2\/posts\/124\/revisions"}],"predecessor-version":[{"id":127,"href":"http:\/\/diocese-aveiro.pt\/familia\/wp-json\/wp\/v2\/posts\/124\/revisions\/127"}],"wp:featuredmedia":[{"embeddable":true,"href":"http:\/\/diocese-aveiro.pt\/familia\/wp-json\/wp\/v2\/media\/125"}],"wp:attachment":[{"href":"http:\/\/diocese-aveiro.pt\/familia\/wp-json\/wp\/v2\/media?parent=124"}],"wp:term":[{"taxonomy":"category","embeddable":true,"href":"http:\/\/diocese-aveiro.pt\/familia\/wp-json\/wp\/v2\/categories?post=124"},{"taxonomy":"post_tag","embeddable":true,"href":"http:\/\/diocese-aveiro.pt\/familia\/wp-json\/wp\/v2\/tags?post=124"}],"curies":[{"name":"wp","href":"https:\/\/api.w.org\/{rel}","templated":true}]}}