{"id":120,"date":"2022-05-01T09:28:00","date_gmt":"2022-05-01T09:28:00","guid":{"rendered":"https:\/\/diocese-aveiro.pt\/familia\/?p=120"},"modified":"2022-06-02T09:32:53","modified_gmt":"2022-06-02T09:32:53","slug":"vocacao-a-maternidade-dia-da-mae-2022","status":"publish","type":"post","link":"http:\/\/diocese-aveiro.pt\/familia\/vocacao-a-maternidade-dia-da-mae-2022\/","title":{"rendered":"Voca\u00e7\u00e3o \u00e0 maternidade &#8211; Dia da M\u00e3e 2022"},"content":{"rendered":"\n<p>Na abertura da Semana de Ora\u00e7\u00e3o pelas Voca\u00e7\u00f5es, que este ano coincide com o Dia da M\u00e3e, o Servi\u00e7o de Voca\u00e7\u00f5es, Acolhimento e Forma\u00e7\u00e3o Espiritual e o Secretariado da Pastoral Familiar da nossa diocese, apresentam-nos testemunhos da Voca\u00e7\u00e3o \u00e0 maternidade.<\/p>\n\n\n\n<figure class=\"wp-block-embed is-type-rich is-provider-incorporar-manipulador wp-block-embed-incorporar-manipulador wp-embed-aspect-16-9 wp-has-aspect-ratio\"><div class=\"wp-block-embed__wrapper\">\n<iframe loading=\"lazy\" title=\"Voca\u00e7\u00e3o \u00e0 maternidade\" width=\"1140\" height=\"641\" src=\"https:\/\/www.youtube.com\/embed\/XJUXySGmJfU?feature=oembed\" frameborder=\"0\" allow=\"accelerometer; autoplay; clipboard-write; encrypted-media; gyroscope; picture-in-picture\" allowfullscreen><\/iframe>\n<\/div><\/figure>\n","protected":false},"excerpt":{"rendered":"<p>Na abertura da Semana de Ora\u00e7\u00e3o pelas Voca\u00e7\u00f5es, que este ano coincide com o Dia da M\u00e3e, o Servi\u00e7o de Voca\u00e7\u00f5es, Acolhimento e Forma\u00e7\u00e3o Espiritual e o Secretariado da Pastoral Familiar da nossa diocese, apresentam-nos testemunhos da Voca\u00e7\u00e3o \u00e0 maternidade.<\/p>\n","protected":false},"author":1,"featured_media":122,"comment_status":"open","ping_status":"open","sticky":false,"template":"","format":"standard","meta":[],"categories":[7,6,5],"tags":[],"_links":{"self":[{"href":"http:\/\/diocese-aveiro.pt\/familia\/wp-json\/wp\/v2\/posts\/120"}],"collection":[{"href":"http:\/\/diocese-aveiro.pt\/familia\/wp-json\/wp\/v2\/posts"}],"about":[{"href":"http:\/\/diocese-aveiro.pt\/familia\/wp-json\/wp\/v2\/types\/post"}],"author":[{"embeddable":true,"href":"http:\/\/diocese-aveiro.pt\/familia\/wp-json\/wp\/v2\/users\/1"}],"replies":[{"embeddable":true,"href":"http:\/\/diocese-aveiro.pt\/familia\/wp-json\/wp\/v2\/comments?post=120"}],"version-history":[{"count":1,"href":"http:\/\/diocese-aveiro.pt\/familia\/wp-json\/wp\/v2\/posts\/120\/revisions"}],"predecessor-version":[{"id":123,"href":"http:\/\/diocese-aveiro.pt\/familia\/wp-json\/wp\/v2\/posts\/120\/revisions\/123"}],"wp:featuredmedia":[{"embeddable":true,"href":"http:\/\/diocese-aveiro.pt\/familia\/wp-json\/wp\/v2\/media\/122"}],"wp:attachment":[{"href":"http:\/\/diocese-aveiro.pt\/familia\/wp-json\/wp\/v2\/media?parent=120"}],"wp:term":[{"taxonomy":"category","embeddable":true,"href":"http:\/\/diocese-aveiro.pt\/familia\/wp-json\/wp\/v2\/categories?post=120"},{"taxonomy":"post_tag","embeddable":true,"href":"http:\/\/diocese-aveiro.pt\/familia\/wp-json\/wp\/v2\/tags?post=120"}],"curies":[{"name":"wp","href":"https:\/\/api.w.org\/{rel}","templated":true}]}}